{"id":15162,"date":"2016-06-13T12:49:45","date_gmt":"2016-06-13T15:49:45","guid":{"rendered":"http:\/\/catolicanet.net\/wp-cnet\/2016\/06\/13\/31o-semana-do-migrante\/"},"modified":"2017-05-08T11:43:40","modified_gmt":"2017-05-08T14:43:40","slug":"31o-semana-do-migrante","status":"publish","type":"post","link":"https:\/\/catolicanet.net\/wp-cnet\/31o-semana-do-migrante\/","title":{"rendered":"31\u00aa Semana do Migrante"},"content":{"rendered":"<p style=\"text-align: justify;\">Todos os anos, no m\u00eas de junho, em todo o Brasil, o Servi\u00e7o Pastoral dos Migrantes \u2013 SPM \u2013 promove essa Semana retomando e aprofundando o tema da Campanha da Fraternidade da CNBB, na \u00f3tica das migra\u00e7\u00f5es. Neste ano, a partir das sugest\u00f5es recebidas, o tema trabalhado ser\u00e1 \u201cMigra\u00e7\u00e3o e Ecologia\u201d, e o lema: \u201cO Grito que vem da Terra\u201d. A Semana Nacional do Migrante de 2016, j\u00e1 em sua 31\u00aa edi\u00e7\u00e3o, ser\u00e1 realizada de 12 a 19 de junho.<br \/> Na apresenta\u00e7\u00e3o do texto base, aparecem os votos de que nesse per\u00edodo seja poss\u00edvel o resgate da vida no Planeta. \u201cNeste Ano Extraordin\u00e1rio da Miseric\u00f3rdia, vivamos a verdadeira compaix\u00e3o pelo sofrimento de todos que conosco convivem na casa comum e manifestemos em atitudes concretas de solidariedade o resgate da vida do Planeta\u201d.<br \/>Na ilustra\u00e7\u00e3o para a Semana do Migrante do ano 2016 \u00e9 retratada a natureza, ou seja, a totalidade das coisas que existem, nascem, vivem e morrem, isto \u00e9, o mundo da Vida, a nossa Terra, que se oferece ao nosso olhar, \u00e0 nossa experi\u00eancia cotidiana. Somos parte dela e ela \u00e9 nossa raiz.<br \/>O rosto feminino representado \u00e9 materno, porque a Terra gera, \u00e9 m\u00e3e, mas ao mesmo tempo \u00e9 jovem, filial, porque a Terra precisa de cuidado, n\u00e3o \u00e9 capaz de sobreviver \u00e0s in\u00fameras viol\u00eancias, exige que seus mesmos filhos a defendam.<br \/>Por outro lado, nesta Semana somos chamados tamb\u00e9m a refletir sobre a mensagem do Papa Francisco para o Dia Mundial do Migrante e do Refugiado, com o tema: \u201cos emigrantes e refugiados interpelam-nos. A resposta do Evangelho da Miseric\u00f3rdia\u201d.<br \/>O Papa Francisco nos recorda sobre os emigrantes, de maneira especial para os refugiados, por\u00e9m, al\u00e9m de recordar a import\u00e2ncia de um bom acolhimento, nos recorda tamb\u00e9m a responsabilidade de ajudar os locais de onde saem os migrantes, para que ofere\u00e7am condi\u00e7\u00f5es dignas para que os seus habitantes vivam em seu pa\u00eds. Recorda-nos, ainda, que aqueles que recebem os emigrantes se enriquecem pela experi\u00eancia diversa que chega e pela partilha de vida. Lembra tamb\u00e9m das novas formas de escravid\u00e3o que aparecem com esses fluxos migrat\u00f3rios. \u00c0s vezes muito claro, como em alguns casos aqui em nossa cidade, ou sejam disfar\u00e7adas de subemprego em alguns pa\u00edses que, mesmo com um sal\u00e1rio razo\u00e1vel, empregam m\u00e3o de obra barata do migrante.<br \/> No entanto, no Brasil, o foco da 31\u00aa Semana do Migrante, como j\u00e1 dito acima, est\u00e1 em sintonia com a Campanha da Fraternidade de 2016, e quer colaborar com a reflex\u00e3o sobre os gritos da terra e nos chamar \u00e0 responsabilidade para o cuidado com a \u201ccasa comum\u201d e a vida que nela habita!<br \/> Em 2015, o Papa Francisco lan\u00e7ou a Carta Enc\u00edclica \u201cLaudato Si\u201d, sobre o cuidado da casa comum. O nome do documento foi inspirado na invoca\u00e7\u00e3o de S\u00e3o Francisco: \u201cLouvado sejas, meu Senhor\u201d, que no C\u00e2ntico das Criaturas recorda que a Terra, a nossa casa comum, \u201cpode-se comparar ora a uma irm\u00e3, com quem partilhamos a exist\u00eancia, ora a uma boa m\u00e3e, que nos acolhe nos seus bra\u00e7os\u201d. N\u00f3s mesmos \u201csomos terra\u201d (cf. Gn 2,7).<br \/>Uma das mais intensas realidades da natureza \u00e9 a mobilidade: a humanidade migrante flui como l\u00e1grima no rosto da Terra, levada pela imensa esperan\u00e7a de alcan\u00e7ar uma terra boa para cicatrizar as feridas, para renascer, e viver novamente. A alma de quem migra descobre o futuro no mais bonito dos aspectos da M\u00e3e Terra, o caminho. <br \/> O que fazer para melhorar a nossa qualidade de vida? O que fica evidente \u00e9 que a responsabilidade com a qualidade de vida em nossa casa comum \u00e9, tamb\u00e9m, comum a todos. Precisamos nos dar conta da \u00edntima rela\u00e7\u00e3o entre os pobres e a fragilidade do Planeta; a convic\u00e7\u00e3o de que tudo no mundo est\u00e1 intimamente conectado; o convite a buscar outros modos de entender a economia; a grave responsabilidade da pol\u00edtica internacional; a cultura do descarte e a proposta de um novo estilo de vida. O desafio urgente de proteger a nossa casa comum, diz o Papa Francisco, envolve a preocupa\u00e7\u00e3o de unir toda a fam\u00edlia humana na busca de um desenvolvimento sustent\u00e1vel e integral, pois sabemos que as coisas podem mudar.<br \/> A data do Dia do Migrante e Refugiado \u00e9 variada: o Dia Mundial do Migrante e do Refugiado \u00e9 celebrado no dia 17 de janeiro, e \u00e9 para essa data a mensagem do Papa Francisco. No Brasil, o Dia Nacional do Migrante \u00e9 no dia 25 de junho. Na 17\u00aa Assembleia Geral da CNBB, esse dia \u00e9 celebrado na Igreja do Brasil no domingo imediatamente anterior a essa data, caso essa data n\u00e3o caia no domingo. Portanto, neste ano, no dia 19 de junho.<br \/> Que esta Semana do Migrante nos ajude a ouvir os gritos dos refugiados que buscam casa para viver, e tamb\u00e9m os gritos da terra, e nos fa\u00e7a redescobrir o que assinala o Papa Francisco: \u201c\u00e9 preciso sentir novamente que precisamos uns dos outros, que temos uma responsabilidade para com os outros e o mundo, que vale a pena ser bons e honestos\u201d.<\/p>\n","protected":false},"excerpt":{"rendered":"<p>Todos os anos, no m\u00eas de junho, em todo o Brasil, o Servi\u00e7o Pastoral dos Migrantes \u2013 SPM \u2013 promove essa Semana retomando e aprofundando o tema da Campanha da Fraternidade da CNBB, na \u00f3tica das migra\u00e7\u00f5es. Neste ano, a partir das sugest\u00f5es recebidas, o tema trabalhado ser\u00e1 \u201cMigra\u00e7\u00e3o e Ecologia\u201d, e o lema: \u201cO [&hellip;]<\/p>\n","protected":false},"author":5,"featured_media":0,"comment_status":"open","ping_status":"open","sticky":false,"template":"","format":"standard","meta":{"footnotes":""},"categories":[9],"tags":[],"class_list":["post-15162","post","type-post","status-publish","format-standard","hentry","category-artigos"],"_links":{"self":[{"href":"https:\/\/catolicanet.net\/wp-cnet\/wp-json\/wp\/v2\/posts\/15162","targetHints":{"allow":["GET"]}}],"collection":[{"href":"https:\/\/catolicanet.net\/wp-cnet\/wp-json\/wp\/v2\/posts"}],"about":[{"href":"https:\/\/catolicanet.net\/wp-cnet\/wp-json\/wp\/v2\/types\/post"}],"author":[{"embeddable":true,"href":"https:\/\/catolicanet.net\/wp-cnet\/wp-json\/wp\/v2\/users\/5"}],"replies":[{"embeddable":true,"href":"https:\/\/catolicanet.net\/wp-cnet\/wp-json\/wp\/v2\/comments?post=15162"}],"version-history":[{"count":1,"href":"https:\/\/catolicanet.net\/wp-cnet\/wp-json\/wp\/v2\/posts\/15162\/revisions"}],"predecessor-version":[{"id":21505,"href":"https:\/\/catolicanet.net\/wp-cnet\/wp-json\/wp\/v2\/posts\/15162\/revisions\/21505"}],"wp:attachment":[{"href":"https:\/\/catolicanet.net\/wp-cnet\/wp-json\/wp\/v2\/media?parent=15162"}],"wp:term":[{"taxonomy":"category","embeddable":true,"href":"https:\/\/catolicanet.net\/wp-cnet\/wp-json\/wp\/v2\/categories?post=15162"},{"taxonomy":"post_tag","embeddable":true,"href":"https:\/\/catolicanet.net\/wp-cnet\/wp-json\/wp\/v2\/tags?post=15162"}],"curies":[{"name":"wp","href":"https:\/\/api.w.org\/{rel}","templated":true}]}}