{"id":15152,"date":"2016-06-10T16:48:48","date_gmt":"2016-06-10T19:48:48","guid":{"rendered":"http:\/\/catolicanet.net\/wp-cnet\/2016\/06\/10\/americachile-depois-de-manifestacao-pacifica-estudantes-invadem-igreja-e-destroem-um-crucifixo\/"},"modified":"2017-05-31T10:29:17","modified_gmt":"2017-05-31T13:29:17","slug":"americachile-depois-de-manifestacao-pacifica-estudantes-invadem-igreja-e-destroem-um-crucifixo","status":"publish","type":"post","link":"https:\/\/catolicanet.net\/wp-cnet\/americachile-depois-de-manifestacao-pacifica-estudantes-invadem-igreja-e-destroem-um-crucifixo\/","title":{"rendered":"AM\u00c9RICA\/CHILE &#8211; Depois de manifesta\u00e7\u00e3o pac\u00edfica, estudantes invadem igreja e destroem um crucifixo"},"content":{"rendered":"<p style=\"text-align: justify;\"><img decoding=\"async\" src=\"http:\/\/www.catolicanet.com.br\/images\/stories\/noticias\/primopiano_1875.jpg\" border=\"0\" align=\"left\" \/>Santiago (Ag\u00eancia Fides) \u2013 Ao final de uma manifesta\u00e7\u00e3o pac\u00edfica de estudantes da escola m\u00e9dia e da universidade, um grupo de jovens mascarados entrou na igreja da Gratitud Nacional, no centro de Santiago, quebrando a porta e retirando a imagem de Jesus crucificado, de tr\u00eas metros de altura, para destru\u00ed-la na avenida principal da cidade, capital do Chile. A manifesta\u00e7\u00e3o foi organizada pela Confederaci\u00f3n de Estudiantes de Chile (Confech), da qual participaram cerca de 150 mil estudantes para pedir mudan\u00e7as na lei atual sobre a instru\u00e7\u00e3o p\u00fablica no pa\u00eds.<br \/>Segundo as informa\u00e7\u00f5es enviadas a Fides, o Coordenador nacional da Confech condenou o ato sacr\u00edlego, afirmando que o fato &#8220;n\u00e3o representa o ideal do movimento estudantil&#8221;. O rec\u00e9m-Ministro do Interior, no seu primeiro dia de trabalho, declarou: \u201cQuero expressar a condena\u00e7\u00e3o por parte do governo a esses atos, independentemente do fato que se trate de um local de culto religioso, da Igreja Cat\u00f3lica neste caso. O que vimos \u00e9 um sintoma muito preocupante daquilo que algumas pessoas chegam a fazer no nosso pa\u00eds\u201d.<br \/>Infelizmente, o gesto vand\u00e1lico e sacr\u00edlego faz parte de outros, que mostram um movimento estudantil sempre mais radicalizado, que nas \u00faltimas semanas manifestou ocupando as escolas e invadindo at\u00e9 mesmo o pal\u00e1cio presidencial.<br \/>&#8220;\u00c9 uma situa\u00e7\u00e3o muito dolorosa para n\u00f3s \u2013 disse o Bispo auxiliar de Santiago do Chile, Dom Luis Fernando Ramos P\u00e9rez. \u2013 Um \u00edcone religioso de grande valor para n\u00f3s foi destru\u00eddo e n\u00e3o queremos que, por tudo aquilo que representa, possa acontecer novamente no nosso pa\u00eds&#8221;.<\/p>\n<p style=\"text-align: justify;\">\u00a0<\/p>\n<p style=\"text-align: justify;\">Fonte; Ag\u00eancia Fides<\/p>\n<p style=\"text-align: justify;\">\u00a0<\/p>\n","protected":false},"excerpt":{"rendered":"<p>Santiago (Ag\u00eancia Fides) \u2013 Ao final de uma manifesta\u00e7\u00e3o pac\u00edfica de estudantes da escola m\u00e9dia e da universidade, um grupo de jovens mascarados entrou na igreja da Gratitud Nacional, no centro de Santiago, quebrando a porta e retirando a imagem de Jesus crucificado, de tr\u00eas metros de altura, para destru\u00ed-la na avenida principal da cidade, [&hellip;]<\/p>\n","protected":false},"author":1,"featured_media":15151,"comment_status":"open","ping_status":"open","sticky":false,"template":"","format":"standard","meta":{"footnotes":""},"categories":[4],"tags":[],"class_list":["post-15152","post","type-post","status-publish","format-standard","has-post-thumbnail","hentry","category-cotidiano"],"_links":{"self":[{"href":"https:\/\/catolicanet.net\/wp-cnet\/wp-json\/wp\/v2\/posts\/15152","targetHints":{"allow":["GET"]}}],"collection":[{"href":"https:\/\/catolicanet.net\/wp-cnet\/wp-json\/wp\/v2\/posts"}],"about":[{"href":"https:\/\/catolicanet.net\/wp-cnet\/wp-json\/wp\/v2\/types\/post"}],"author":[{"embeddable":true,"href":"https:\/\/catolicanet.net\/wp-cnet\/wp-json\/wp\/v2\/users\/1"}],"replies":[{"embeddable":true,"href":"https:\/\/catolicanet.net\/wp-cnet\/wp-json\/wp\/v2\/comments?post=15152"}],"version-history":[{"count":1,"href":"https:\/\/catolicanet.net\/wp-cnet\/wp-json\/wp\/v2\/posts\/15152\/revisions"}],"predecessor-version":[{"id":25824,"href":"https:\/\/catolicanet.net\/wp-cnet\/wp-json\/wp\/v2\/posts\/15152\/revisions\/25824"}],"wp:featuredmedia":[{"embeddable":true,"href":"https:\/\/catolicanet.net\/wp-cnet\/wp-json\/wp\/v2\/media\/15151"}],"wp:attachment":[{"href":"https:\/\/catolicanet.net\/wp-cnet\/wp-json\/wp\/v2\/media?parent=15152"}],"wp:term":[{"taxonomy":"category","embeddable":true,"href":"https:\/\/catolicanet.net\/wp-cnet\/wp-json\/wp\/v2\/categories?post=15152"},{"taxonomy":"post_tag","embeddable":true,"href":"https:\/\/catolicanet.net\/wp-cnet\/wp-json\/wp\/v2\/tags?post=15152"}],"curies":[{"name":"wp","href":"https:\/\/api.w.org\/{rel}","templated":true}]}}