{"id":15136,"date":"2016-06-10T13:48:53","date_gmt":"2016-06-10T16:48:53","guid":{"rendered":"http:\/\/catolicanet.net\/wp-cnet\/2016\/06\/10\/10o-congresso-mariologico-reflete-sobre-qmaria-na-liturgia-e-na-piedade-popularq\/"},"modified":"2017-05-26T16:00:32","modified_gmt":"2017-05-26T19:00:32","slug":"10o-congresso-mariologico-reflete-sobre-qmaria-na-liturgia-e-na-piedade-popularq","status":"publish","type":"post","link":"https:\/\/catolicanet.net\/wp-cnet\/10o-congresso-mariologico-reflete-sobre-qmaria-na-liturgia-e-na-piedade-popularq\/","title":{"rendered":"10\u00ba Congresso Mariol\u00f3gico reflete sobre &#8220;Maria na liturgia e na piedade popular&#8221;"},"content":{"rendered":"<p style=\"text-align: justify;\"><img decoding=\"async\" src=\"http:\/\/www.catolicanet.com.br\/images\/stories\/noticias\/mariologico.jpg\" border=\"0\" align=\"left\" \/>Evento ocorreu de 2 a 5 de junho, em Aparecida (SP)<\/p>\n<p>Com o tema \u201cMaria na liturgia e na piedade popular\u201d, o 10\u00ba Congresso Mariol\u00f3gico foi realizado nos dias 2 a 5 de junho, em Aparecida (SP). O evento, promovido pela Academia Marial do Santu\u00e1rio de Aparecida, Faculdade de Dehoniana de Taubat\u00e9 e Comiss\u00e3o Episcopal para a Liturgia da CNBB, reuniu cerca de 400 pessoas.<\/p>\n<p>Na programa\u00e7\u00e3o do Congresso constaram palestras e semin\u00e1rios. Houve ainda uma noite cultural com a orquestra e coral PEMSA, lan\u00e7amento de livros e uma exposi\u00e7\u00e3o mariana.<\/p>\n<p>O \u00faltimo dia do Congresso foi marcado por uma celebra\u00e7\u00e3o eucar\u00edstica, no Santu\u00e1rio de Aparecida. Na ocasi\u00e3o, foi anunciado que o Congresso Internacional ser\u00e1 realizado em agosto de 2017, com o tema \u201cAparecida: 300 anos de f\u00e9 e devo\u00e7\u00e3o\u201d.<\/p>\n<p style=\"text-align: justify;\">\u00a0<\/p>\n<p style=\"text-align: justify;\">Fonte: CNBB<\/p>\n","protected":false},"excerpt":{"rendered":"<p>Evento ocorreu de 2 a 5 de junho, em Aparecida (SP) Com o tema \u201cMaria na liturgia e na piedade popular\u201d, o 10\u00ba Congresso Mariol\u00f3gico foi realizado nos dias 2 a 5 de junho, em Aparecida (SP). O evento, promovido pela Academia Marial do Santu\u00e1rio de Aparecida, Faculdade de Dehoniana de Taubat\u00e9 e Comiss\u00e3o Episcopal [&hellip;]<\/p>\n","protected":false},"author":1,"featured_media":15135,"comment_status":"open","ping_status":"open","sticky":false,"template":"","format":"standard","meta":{"footnotes":""},"categories":[7],"tags":[],"class_list":["post-15136","post","type-post","status-publish","format-standard","has-post-thumbnail","hentry","category-cnbb"],"_links":{"self":[{"href":"https:\/\/catolicanet.net\/wp-cnet\/wp-json\/wp\/v2\/posts\/15136","targetHints":{"allow":["GET"]}}],"collection":[{"href":"https:\/\/catolicanet.net\/wp-cnet\/wp-json\/wp\/v2\/posts"}],"about":[{"href":"https:\/\/catolicanet.net\/wp-cnet\/wp-json\/wp\/v2\/types\/post"}],"author":[{"embeddable":true,"href":"https:\/\/catolicanet.net\/wp-cnet\/wp-json\/wp\/v2\/users\/1"}],"replies":[{"embeddable":true,"href":"https:\/\/catolicanet.net\/wp-cnet\/wp-json\/wp\/v2\/comments?post=15136"}],"version-history":[{"count":1,"href":"https:\/\/catolicanet.net\/wp-cnet\/wp-json\/wp\/v2\/posts\/15136\/revisions"}],"predecessor-version":[{"id":23644,"href":"https:\/\/catolicanet.net\/wp-cnet\/wp-json\/wp\/v2\/posts\/15136\/revisions\/23644"}],"wp:featuredmedia":[{"embeddable":true,"href":"https:\/\/catolicanet.net\/wp-cnet\/wp-json\/wp\/v2\/media\/15135"}],"wp:attachment":[{"href":"https:\/\/catolicanet.net\/wp-cnet\/wp-json\/wp\/v2\/media?parent=15136"}],"wp:term":[{"taxonomy":"category","embeddable":true,"href":"https:\/\/catolicanet.net\/wp-cnet\/wp-json\/wp\/v2\/categories?post=15136"},{"taxonomy":"post_tag","embeddable":true,"href":"https:\/\/catolicanet.net\/wp-cnet\/wp-json\/wp\/v2\/tags?post=15136"}],"curies":[{"name":"wp","href":"https:\/\/api.w.org\/{rel}","templated":true}]}}