{"id":15116,"date":"2016-06-09T12:59:33","date_gmt":"2016-06-09T15:59:33","guid":{"rendered":"http:\/\/catolicanet.net\/wp-cnet\/2016\/06\/09\/apos-108-dias-de-morte-cerebral-da-a-luz-um-bebe-saudavel\/"},"modified":"2017-05-31T10:29:22","modified_gmt":"2017-05-31T13:29:22","slug":"apos-108-dias-de-morte-cerebral-da-a-luz-um-bebe-saudavel","status":"publish","type":"post","link":"https:\/\/catolicanet.net\/wp-cnet\/apos-108-dias-de-morte-cerebral-da-a-luz-um-bebe-saudavel\/","title":{"rendered":"Ap\u00f3s 108 dias de morte cerebral, d\u00e1 \u00e0 luz um beb\u00ea saud\u00e1vel"},"content":{"rendered":"<p style=\"text-align: justify;\"><img decoding=\"async\" src=\"http:\/\/www.catolicanet.com.br\/images\/stories\/noticias\/piesbebew_pixabay_08062016.jpg\" border=\"0\" align=\"left\" \/>Uma mulher, identificada como S., foi declarada com morte cerebral no dia 20 de fevereiro. No 7 de junho, 108 dias depois, mediante uma cesariana o beb\u00ea nasceu saud\u00e1vel, no Hospital Central de Lisboa (Portugal).<\/p>\n<p>O beb\u00ea nasceu ap\u00f3s 32 semanas de gesta\u00e7\u00e3o, pesando 2,350 quilogramas, em bom estado de sa\u00fade.<\/p>\n<p>Segundo o comunicado emitido pelo centro m\u00e9dico, a m\u00e3e de 37 anos de idade foi declarada com morte cerebral h\u00e1 quase quatro meses, depois de uma hemorragia intracraniana. O caso foi avaliado pelo servi\u00e7o de obstetr\u00edcia e ginecologia do hospital portugu\u00eas e comprovaram que o beb\u00ea estava em bom estado de sa\u00fade.<\/p>\n<p>\u201cDepois de receber o parecer do Comit\u00ea de \u00c9tica e do hospital Central de Lisboa, a dire\u00e7\u00e3o decidiu de maneira conjunta com a fam\u00edlia da m\u00e3e e do pai do menino manter a gesta\u00e7\u00e3o at\u00e9 32\u00aa semana, a fim de garantir a viabilidade do feto\u201d, assinala o comunicado do Hospital Central de Lisboa.<\/p>\n<p>Depois do tempo previsto, as equipes de obstetr\u00edcia e a unidade neurol\u00f3gica no Hospital Central de Lisboa realizaram uma cesariana na ter\u00e7a-feira, 7 de junho.<\/p>\n<p>Segundo o comunicado do hospital, \u201ceste per\u00edodo de 15 semanas durante o qual o feto sobreviveu enquanto sua m\u00e3e estava em estado de morte cerebral foi o mais longo j\u00e1 registrado em Portugal\u201d.<\/p>\n<p>H\u00e1 tr\u00eas anos, na Hungria, uma mulher deu \u00e0 luz 12 semanas ap\u00f3s declararem sua morte cerebral e seu beb\u00ea nasceu na 27\u00aa semana, pesando 1,4 quilogramas.<\/p>\n<p style=\"text-align: justify;\">\u00a0<\/p>\n<p style=\"text-align: justify;\">Fonte: Acidigital<\/p>\n","protected":false},"excerpt":{"rendered":"<p>Uma mulher, identificada como S., foi declarada com morte cerebral no dia 20 de fevereiro. No 7 de junho, 108 dias depois, mediante uma cesariana o beb\u00ea nasceu saud\u00e1vel, no Hospital Central de Lisboa (Portugal). O beb\u00ea nasceu ap\u00f3s 32 semanas de gesta\u00e7\u00e3o, pesando 2,350 quilogramas, em bom estado de sa\u00fade. Segundo o comunicado emitido [&hellip;]<\/p>\n","protected":false},"author":1,"featured_media":15115,"comment_status":"open","ping_status":"open","sticky":false,"template":"","format":"standard","meta":{"footnotes":""},"categories":[4],"tags":[],"class_list":["post-15116","post","type-post","status-publish","format-standard","has-post-thumbnail","hentry","category-cotidiano"],"_links":{"self":[{"href":"https:\/\/catolicanet.net\/wp-cnet\/wp-json\/wp\/v2\/posts\/15116","targetHints":{"allow":["GET"]}}],"collection":[{"href":"https:\/\/catolicanet.net\/wp-cnet\/wp-json\/wp\/v2\/posts"}],"about":[{"href":"https:\/\/catolicanet.net\/wp-cnet\/wp-json\/wp\/v2\/types\/post"}],"author":[{"embeddable":true,"href":"https:\/\/catolicanet.net\/wp-cnet\/wp-json\/wp\/v2\/users\/1"}],"replies":[{"embeddable":true,"href":"https:\/\/catolicanet.net\/wp-cnet\/wp-json\/wp\/v2\/comments?post=15116"}],"version-history":[{"count":1,"href":"https:\/\/catolicanet.net\/wp-cnet\/wp-json\/wp\/v2\/posts\/15116\/revisions"}],"predecessor-version":[{"id":25831,"href":"https:\/\/catolicanet.net\/wp-cnet\/wp-json\/wp\/v2\/posts\/15116\/revisions\/25831"}],"wp:featuredmedia":[{"embeddable":true,"href":"https:\/\/catolicanet.net\/wp-cnet\/wp-json\/wp\/v2\/media\/15115"}],"wp:attachment":[{"href":"https:\/\/catolicanet.net\/wp-cnet\/wp-json\/wp\/v2\/media?parent=15116"}],"wp:term":[{"taxonomy":"category","embeddable":true,"href":"https:\/\/catolicanet.net\/wp-cnet\/wp-json\/wp\/v2\/categories?post=15116"},{"taxonomy":"post_tag","embeddable":true,"href":"https:\/\/catolicanet.net\/wp-cnet\/wp-json\/wp\/v2\/tags?post=15116"}],"curies":[{"name":"wp","href":"https:\/\/api.w.org\/{rel}","templated":true}]}}