{"id":15114,"date":"2016-06-09T12:55:10","date_gmt":"2016-06-09T15:55:10","guid":{"rendered":"http:\/\/catolicanet.net\/wp-cnet\/2016\/06\/09\/jmj-2016-presidente-da-polonia-da-boas-vindas-aos-peregrinos\/"},"modified":"2017-06-02T11:02:24","modified_gmt":"2017-06-02T14:02:24","slug":"jmj-2016-presidente-da-polonia-da-boas-vindas-aos-peregrinos","status":"publish","type":"post","link":"https:\/\/catolicanet.net\/wp-cnet\/jmj-2016-presidente-da-polonia-da-boas-vindas-aos-peregrinos\/","title":{"rendered":"JMJ 2016: Presidente da Pol\u00f4nia d\u00e1 boas-vindas aos peregrinos"},"content":{"rendered":"<p style=\"text-align: justify;\"><img decoding=\"async\" src=\"http:\/\/www.catolicanet.com.br\/images\/stories\/papas\/reuters1470354_articolo.jpg\" border=\"0\" align=\"left\" \/>O Presidente da Pol\u00f4nia, Andrzej Duda, expressou as boas-vindas a todos os que ir\u00e3o participar da Jornada Mundial da Juventude, que se realizar\u00e1 entre os dias 26 e 31 de julho, em Crac\u00f3via. Em v\u00eddeo divulgado pelo Comit\u00ea Organizador Local, ele recorda a liga\u00e7\u00e3o de S\u00e3o Jo\u00e3o Paulo II com a cidade.<\/p>\n<p>\u201cSenhoras e senhores, queridos amigos, milhares de peregrinos do mundo inteiro logo chegar\u00e3o a Crac\u00f3via para a Jornada Mundial da Juventude\u201d, recorda o presidente. Duda diz que tamb\u00e9m ter\u00e1 \u201ca honra de acolher o Papa Francisco, pela primeira vez em solo polon\u00eas\u201d e afirma que o pa\u00eds est\u00e1 \u201c\u00e0 espera desta festa da juventude, uma festa de alegria e de ora\u00e7\u00e3o. Ser\u00e1 um evento especial, em um local especial\u201d.<\/p>\n<p>\u201cCrist\u00e3os de todos os continentes vir\u00e3o a Crac\u00f3via, uma cidade muito amada pelo nosso querido S\u00e3o Jo\u00e3o Paulo II. E acredito fortemente que todos os peregrinos que visitar\u00e3o a Pol\u00f4nia no final do m\u00eas de julho, estabelecer\u00e3o novas e duradouras amizades e se apaixonar\u00e3o pelo meu pa\u00eds\u201d, acrescenta.<\/p>\n<p>Por fim, o presidente se dirige aos peregrinos e conclui: \u201cN\u00f3s esperamos voc\u00eas com bra\u00e7os e cora\u00e7\u00f5es abertos. Nos vemos em Crac\u00f3via!\u201d.<\/p>\n<p>Andrzej Duda \u00e9 cat\u00f3lico e assumiu o governo da Pol\u00f4nia em agosto de 2015.<\/p>\n<p style=\"text-align: justify;\">\u00a0<\/p>\n<p style=\"text-align: justify;\">Fonte: R\u00e1dio Vaticano<\/p>\n","protected":false},"excerpt":{"rendered":"<p>O Presidente da Pol\u00f4nia, Andrzej Duda, expressou as boas-vindas a todos os que ir\u00e3o participar da Jornada Mundial da Juventude, que se realizar\u00e1 entre os dias 26 e 31 de julho, em Crac\u00f3via. Em v\u00eddeo divulgado pelo Comit\u00ea Organizador Local, ele recorda a liga\u00e7\u00e3o de S\u00e3o Jo\u00e3o Paulo II com a cidade. \u201cSenhoras e senhores, [&hellip;]<\/p>\n","protected":false},"author":1,"featured_media":15113,"comment_status":"open","ping_status":"open","sticky":false,"template":"","format":"standard","meta":{"footnotes":""},"categories":[3],"tags":[],"class_list":["post-15114","post","type-post","status-publish","format-standard","has-post-thumbnail","hentry","category-vaticano"],"_links":{"self":[{"href":"https:\/\/catolicanet.net\/wp-cnet\/wp-json\/wp\/v2\/posts\/15114","targetHints":{"allow":["GET"]}}],"collection":[{"href":"https:\/\/catolicanet.net\/wp-cnet\/wp-json\/wp\/v2\/posts"}],"about":[{"href":"https:\/\/catolicanet.net\/wp-cnet\/wp-json\/wp\/v2\/types\/post"}],"author":[{"embeddable":true,"href":"https:\/\/catolicanet.net\/wp-cnet\/wp-json\/wp\/v2\/users\/1"}],"replies":[{"embeddable":true,"href":"https:\/\/catolicanet.net\/wp-cnet\/wp-json\/wp\/v2\/comments?post=15114"}],"version-history":[{"count":1,"href":"https:\/\/catolicanet.net\/wp-cnet\/wp-json\/wp\/v2\/posts\/15114\/revisions"}],"predecessor-version":[{"id":28054,"href":"https:\/\/catolicanet.net\/wp-cnet\/wp-json\/wp\/v2\/posts\/15114\/revisions\/28054"}],"wp:featuredmedia":[{"embeddable":true,"href":"https:\/\/catolicanet.net\/wp-cnet\/wp-json\/wp\/v2\/media\/15113"}],"wp:attachment":[{"href":"https:\/\/catolicanet.net\/wp-cnet\/wp-json\/wp\/v2\/media?parent=15114"}],"wp:term":[{"taxonomy":"category","embeddable":true,"href":"https:\/\/catolicanet.net\/wp-cnet\/wp-json\/wp\/v2\/categories?post=15114"},{"taxonomy":"post_tag","embeddable":true,"href":"https:\/\/catolicanet.net\/wp-cnet\/wp-json\/wp\/v2\/tags?post=15114"}],"curies":[{"name":"wp","href":"https:\/\/api.w.org\/{rel}","templated":true}]}}