{"id":15106,"date":"2016-06-09T12:33:12","date_gmt":"2016-06-09T15:33:12","guid":{"rendered":"http:\/\/catolicanet.net\/wp-cnet\/2016\/06\/09\/papa-o-valor-da-vida-do-doente-brilha-no-sofrimento\/"},"modified":"2017-06-02T13:47:23","modified_gmt":"2017-06-02T16:47:23","slug":"papa-o-valor-da-vida-do-doente-brilha-no-sofrimento","status":"publish","type":"post","link":"https:\/\/catolicanet.net\/wp-cnet\/papa-o-valor-da-vida-do-doente-brilha-no-sofrimento\/","title":{"rendered":"Papa: o valor da vida do doente brilha no sofrimento"},"content":{"rendered":"<p style=\"text-align: justify;\"><img decoding=\"async\" src=\"http:\/\/www.catolicanet.com.br\/images\/stories\/papas\/ossrom125359_articolo.jpg\" border=\"0\" align=\"left\" \/>O Papa Francisco recebeu em audi\u00eancia, nesta quinta-feira (09\/06), cerca de 150 Diretores das Ordens dos M\u00e9dicos da Espanha e da Am\u00e9rica Latina.<\/p>\n<p>Proferindo seu discurso em espanhol, o Pont\u00edfice destacou que \u201ceste ano a Igreja Cat\u00f3lica celebra o Jubileu da Miseric\u00f3rdia\u201d. Este encontro \u00e9 \u201cuma boa ocasi\u00e3o para manifestar reconhecimento e gratid\u00e3o a todos os profissionais da sa\u00fade que, com sua dedica\u00e7\u00e3o, proximidade e profissionalismo \u00e0s pessoas que padecem uma enfermidade, podem se tornar uma verdadeira personifica\u00e7\u00e3o da miseric\u00f3rdia\u201d. <\/p>\n<p>Compaix\u00e3o n\u00e3o \u00e9 l\u00e1stima<\/p>\n<p>\u201cA identidade e o compromisso do m\u00e9dico n\u00e3o se apoia somente em sua ci\u00eancia e compet\u00eancia t\u00e9cnica, mas principalmente em sua atitude compassiva e misericordiosa aos que sofrem no corpo e no esp\u00edrito. A compaix\u00e3o \u00e9 de alguma forma a alma da Medicina. A compaix\u00e3o n\u00e3o \u00e9 l\u00e1stima, \u00e9 padecer-com\u201d, disse ainda Francisco. <\/p>\n<p>\u201cEm nossa cultura tecnol\u00f3gica e individualista, a compaix\u00e3o nem sempre \u00e9 bem vista. Em algumas ocasi\u00f5es \u00e9 desprezada porque significa submeter quem a recebe a uma humilha\u00e7\u00e3o. N\u00e3o faltam aqueles que se escondem atr\u00e1s de uma suposta compaix\u00e3o para justificar e aprovar a morte de um doente. N\u00e3o, a verdadeira compaix\u00e3o n\u00e3o marginaliza ningu\u00e9m, n\u00e3o o humilha e nem o exclui, nem muito menos considera como algo bom o seu desaparecimento.\u201d<\/p>\n<p>Cultura do descarte<\/p>\n<p>\u201cVoc\u00eas sabem muito bem que isso significaria o triunfo do ego\u00edsmo, dessa cultura do descarte que rejeita e despreza as pessoas que n\u00e3o atendem a determinados padr\u00f5es de sa\u00fade, beleza e utilidade. Eu gosto de aben\u00e7oar as m\u00e3os dos m\u00e9dicos como sinal de reconhecimento a esta compaix\u00e3o que se torna car\u00edcia de sa\u00fade\u201d, frisou o Papa.<\/p>\n<p>\u201cA sa\u00fade \u00e9 um dos dons mais preciosos e desejados por todos. Na tradi\u00e7\u00e3o b\u00edblica sempre se destacou a proximidade entre salva\u00e7\u00e3o e sa\u00fade, bem como suas implica\u00e7\u00f5es m\u00fatuas e numerosas. Eu gosto de lembrar o t\u00edtulo com o qual os Padres da Igreja denominam Cristo e sua obra de salva\u00e7\u00e3o: Christus medicus. Ele \u00e9 o Bom Pastor que cuida da ovelha ferida e conforta a enferma. Ele \u00e9 o Bom Samaritano que n\u00e3o passa distante da pessoa ferida ao longo do caminho, mas viu, teve compaix\u00e3o, aproximou-se dela e fez curativos.\u201d<\/p>\n<p>Tradi\u00e7\u00e3o m\u00e9dica crist\u00e3<\/p>\n<p>\u201cA tradi\u00e7\u00e3o m\u00e9dica crist\u00e3 sempre se inspirou na par\u00e1bola do Bom Samaritano. \u00c9 um identificar-se com o amor do Filho de Deus que passou fazendo o bem e curando todos os oprimidos. Quanto bem faz \u00e0 Medicina pensar e sentir que a pessoa doente \u00e9 nosso pr\u00f3ximo, que \u00e9 de nossa carne e sangue, e que em seu corpo dilacerado se reflete o mist\u00e9rio da carne do pr\u00f3prio Cristo! \u00abTodas as vezes que voc\u00eas fizeram isso a um dos menores de meus irm\u00e3os, foi a mim que o fizeram\u00bb, disse Francisco citando um vers\u00edculo do Evangelho de Mateus.<\/p>\n<p>\u201cA compaix\u00e3o \u00e9 a resposta adequada ao valor imenso da pessoa enferma, uma resposta feita de respeito, compreens\u00e3o e ternura, porque o valor sagrado da vida do doente n\u00e3o desaparece e n\u00e3o se escurece nunca, mas brilha com mais esplendor em seu sofrimento e desamparo.\u201d<\/p>\n<p>Mais cora\u00e7\u00e3o nas m\u00e3os<\/p>\n<p>O Papa aconselhou a entender bem a recomenda\u00e7\u00e3o de S\u00e3o Camilo de Lellis ao tratar os doentes: \u00abPonham mais cora\u00e7\u00e3o nas m\u00e3os\u00bb. \u201cA fragilidade, a dor e a enfermidade s\u00e3o uma prova\u00e7\u00e3o dura para todos, inclusive para os m\u00e9dicos, s\u00e3o um chamado \u00e0 paci\u00eancia e ao padecer-com. Por isso, n\u00e3o se pode ceder \u00e0 tenta\u00e7\u00e3o funcionalista de aplicar solu\u00e7\u00f5es r\u00e1pidas e dr\u00e1sticas, movidos por uma falsa compaix\u00e3o ou por meros crit\u00e9rios de efici\u00eancia e redu\u00e7\u00e3o de custos. Est\u00e1 em jogo a dignidade da vida humana. Est\u00e1 em jogo a dignidade da voca\u00e7\u00e3o m\u00e9dica\u201d, sublinhou o pont\u00edfice. <\/p>\n<p>Francisco agradeceu a todos os presentes pelos esfor\u00e7os que realizam a fim de dignificar todos os dias a sua profiss\u00e3o e acompanhar, cuidar e valorizar o dom imenso que as pessoas doentes significam.<\/p>\n<p style=\"text-align: justify;\">\u00a0<\/p>\n<p style=\"text-align: justify;\">Fonte: R\u00e1dio Vaticano<\/p>\n","protected":false},"excerpt":{"rendered":"<p>O Papa Francisco recebeu em audi\u00eancia, nesta quinta-feira (09\/06), cerca de 150 Diretores das Ordens dos M\u00e9dicos da Espanha e da Am\u00e9rica Latina. Proferindo seu discurso em espanhol, o Pont\u00edfice destacou que \u201ceste ano a Igreja Cat\u00f3lica celebra o Jubileu da Miseric\u00f3rdia\u201d. Este encontro \u00e9 \u201cuma boa ocasi\u00e3o para manifestar reconhecimento e gratid\u00e3o a todos [&hellip;]<\/p>\n","protected":false},"author":1,"featured_media":15105,"comment_status":"open","ping_status":"open","sticky":false,"template":"","format":"standard","meta":{"footnotes":""},"categories":[3],"tags":[],"class_list":["post-15106","post","type-post","status-publish","format-standard","has-post-thumbnail","hentry","category-vaticano"],"_links":{"self":[{"href":"https:\/\/catolicanet.net\/wp-cnet\/wp-json\/wp\/v2\/posts\/15106","targetHints":{"allow":["GET"]}}],"collection":[{"href":"https:\/\/catolicanet.net\/wp-cnet\/wp-json\/wp\/v2\/posts"}],"about":[{"href":"https:\/\/catolicanet.net\/wp-cnet\/wp-json\/wp\/v2\/types\/post"}],"author":[{"embeddable":true,"href":"https:\/\/catolicanet.net\/wp-cnet\/wp-json\/wp\/v2\/users\/1"}],"replies":[{"embeddable":true,"href":"https:\/\/catolicanet.net\/wp-cnet\/wp-json\/wp\/v2\/comments?post=15106"}],"version-history":[{"count":1,"href":"https:\/\/catolicanet.net\/wp-cnet\/wp-json\/wp\/v2\/posts\/15106\/revisions"}],"predecessor-version":[{"id":28501,"href":"https:\/\/catolicanet.net\/wp-cnet\/wp-json\/wp\/v2\/posts\/15106\/revisions\/28501"}],"wp:featuredmedia":[{"embeddable":true,"href":"https:\/\/catolicanet.net\/wp-cnet\/wp-json\/wp\/v2\/media\/15105"}],"wp:attachment":[{"href":"https:\/\/catolicanet.net\/wp-cnet\/wp-json\/wp\/v2\/media?parent=15106"}],"wp:term":[{"taxonomy":"category","embeddable":true,"href":"https:\/\/catolicanet.net\/wp-cnet\/wp-json\/wp\/v2\/categories?post=15106"},{"taxonomy":"post_tag","embeddable":true,"href":"https:\/\/catolicanet.net\/wp-cnet\/wp-json\/wp\/v2\/tags?post=15106"}],"curies":[{"name":"wp","href":"https:\/\/api.w.org\/{rel}","templated":true}]}}