{"id":15091,"date":"2016-06-08T17:39:24","date_gmt":"2016-06-08T20:39:24","guid":{"rendered":"http:\/\/catolicanet.net\/wp-cnet\/2016\/06\/08\/santuario-nacional-celebra-festa-de-sao-jose-de-anchieta\/"},"modified":"2017-05-31T10:29:25","modified_gmt":"2017-05-31T13:29:25","slug":"santuario-nacional-celebra-festa-de-sao-jose-de-anchieta","status":"publish","type":"post","link":"https:\/\/catolicanet.net\/wp-cnet\/santuario-nacional-celebra-festa-de-sao-jose-de-anchieta\/","title":{"rendered":"Santu\u00e1rio Nacional celebra Festa de S\u00e3o Jos\u00e9 de Anchieta"},"content":{"rendered":"<p style=\"text-align: justify;\">Por Iago Miranda<\/p>\n<p>O Santu\u00e1rio Nacional de S\u00e3o Jos\u00e9 de Anchieta comemora a Festa do Padroeiro do Brasil, neste dia 09\/06, com missa presidida pelo Cardeal Raymundo Damasceno Assis, Arcebispo de Aparecida. A programa\u00e7\u00e3o come\u00e7ou desde o dia 26\/05, com presen\u00e7a de bispos de todas as partes do pa\u00eds.<\/p>\n<p>\u201cNesta festa, celebramos tudo aquilo que S\u00e3o Jos\u00e9 de Anchieta representa para n\u00f3s brasileiros. A vinda de bispos de todo o Brasil refor\u00e7a a dimens\u00e3o nacional do Santu\u00e1rio, porque de fato temos a devo\u00e7\u00e3o em todo o territ\u00f3rio nacional\u201d, garante o reitor do Santu\u00e1rio Nacional de S\u00e3o Jos\u00e9 de Anchieta, padre Cesar Augusto dos Santos, SJ.<\/p>\n<p>O sacerdote afirma ainda que a fun\u00e7\u00e3o do Santu\u00e1rio \u00e9 mostrar ao povo que, al\u00e9m de her\u00f3i nacional, amigos dos ind\u00edgenas e construtor de cidades, Anchieta \u00e9 modelo de seguimento a Cristo e intercessor diante de Deus.<br \/>\u201cDo sul de S\u00e3o Paulo ao sul de Pernambuco, Anchieta visitou doentes, confessou, construiu escolas e igrejas. Sua presen\u00e7a ajudou o Brasil a manter uma s\u00f3 l\u00edngua, uma s\u00f3 f\u00e9 e um s\u00f3 territ\u00f3rio\u201d, explica padre Cesar Augusto.<br \/>Apesar de passados mais de 400 anos de seu falecimento, os relatos de milagres conferidos ao santo continuam a surgir. A jovem Lorena da Cruz Santos, 19, moradora de Anchieta, conta que foi diagnosticada com \u00falcera de c\u00f3rnea h\u00e1 poucos dias. A m\u00e3e, ent\u00e3o, fez um voto a S\u00e3o Jos\u00e9 de Anchieta no primeiro dia da novena e, cinco dias depois, os olhos j\u00e1 estavam curados.<br \/>\u201cAnchieta \u00e9 um exemplo para mim, porque foi um mission\u00e1rio que deu a vida a servi\u00e7o dos outros e de mostrar a verdadeira palavra de Cristo, os ensinamentos, catequizando e testemunhando a postura de crist\u00e3o\u201d, conta Lorena.<br \/>A devota Glaucia Pinto Purifica\u00e7\u00e3o relata: \u201cPrecisamos valorizar nosso santo, orar constantemente, para fortalecer nossa f\u00e9. Meu marido sofreu um acidente terr\u00edvel, com perda total do carro em 2014, mas o ve\u00edculo tinha uma imagem de S\u00e3o Jos\u00e9 de Anchieta no vidro, e ele saiu ileso, sem nenhum arranh\u00e3o\u201d, garante.<br \/>S\u00e3o Jos\u00e9 de Anchieta nasceu Em San Crist\u00f3bal de La Laguna, em Tenerife, Ilhas Can\u00e1rias (Espanha), em 1534, vindo ao Brasil com 19 anos de idade. Falecido em 9 de junho de 1597, na aldeia de Reritiba, atual cidade de Anchieta, Esp\u00edrito Santo. Foi beatificado em junho de 1980, por S\u00e3o Jo\u00e3o Paulo II, e canonizado em 3 de abril de 2014 por Papa Francisco. \u00c9 considerado padroeiro dos catequistas e do Brasil.<\/p>\n<p>Programa\u00e7\u00e3o<\/p>\n<p>14h00: Transfer\u00eancia da Capital do Estado para Anchieta, no Centro Cultural de Anchieta;<\/p>\n<p>15h00: Abertura do Espa\u00e7o Gastron\u00f4mico, pr\u00f3ximo ao p\u00f3rtico do Santu\u00e1rio Nacional;<\/p>\n<p>16h00: Missa Solene em honra \u00e0 S\u00e3o Jos\u00e9 de Anchieta, presidida pelo Cardeal Dom Raymundo Damasceno Assis, Arcebispo de Aparecida (SP), com transmiss\u00e3o ao vivo pelo Portal G1, no gin\u00e1sio da Vila Ol\u00edmpica, em Anchieta;<\/p>\n<p>19h00: Show Nacional com Pe. Jo\u00e3ozinho, SCJ, no Espa\u00e7o Gastron\u00f4mico, pr\u00f3ximo ao p\u00f3rtico do Santu\u00e1rio Nacional;<\/p>\n<p>20h30: Queima de Fogos.<\/p>\n<p style=\"text-align: justify;\">\u00a0<\/p>\n<p style=\"text-align: justify;\"><img decoding=\"async\" src=\"http:\/\/www.catolicanet.com.br\/images\/stories\/noticias\/dsc_0594.jpg\" border=\"0\" align=\"left\" \/><\/p>\n<p style=\"text-align: justify;\">\u00a0<\/p>\n<p style=\"text-align: justify;\">Dom Leonardo Steiner d\u00e1 ben\u00e7\u00e3o com rel\u00edquia do santo no quarto dia da novena dedicada a S\u00e3o Jos\u00e9 de Anchieta, no Santu\u00e1rio Nacional. (foto: Iago Miranda)<\/p>\n<p style=\"text-align: justify;\">\u00a0<\/p>\n<p style=\"text-align: justify;\">\u00a0<\/p>\n<p style=\"text-align: justify;\">\u00a0<\/p>\n<p style=\"text-align: justify;\">\u00a0<\/p>\n<p style=\"text-align: justify;\">\u00a0<\/p>\n<p style=\"text-align: justify;\"><img decoding=\"async\" src=\"http:\/\/www.catolicanet.com.br\/images\/stories\/noticias\/dsc_0605.jpg\" border=\"0\" align=\"right\" \/><\/p>\n<p style=\"text-align: justify;\">\u00a0<\/p>\n<p style=\"text-align: justify;\">\u00a0<\/p>\n<p style=\"text-align: justify;\">\u00a0<\/p>\n<p style=\"text-align: justify;\">Fi\u00e9is tocam em rel\u00edquia durante a novena, no Santu\u00e1rio Nacional. (foto: Iago Miranda)<\/p>\n<p><\/p>\n","protected":false},"excerpt":{"rendered":"<p>Por Iago Miranda O Santu\u00e1rio Nacional de S\u00e3o Jos\u00e9 de Anchieta comemora a Festa do Padroeiro do Brasil, neste dia 09\/06, com missa presidida pelo Cardeal Raymundo Damasceno Assis, Arcebispo de Aparecida. A programa\u00e7\u00e3o come\u00e7ou desde o dia 26\/05, com presen\u00e7a de bispos de todas as partes do pa\u00eds. \u201cNesta festa, celebramos tudo aquilo que [&hellip;]<\/p>\n","protected":false},"author":1,"featured_media":15090,"comment_status":"open","ping_status":"open","sticky":false,"template":"","format":"standard","meta":{"footnotes":""},"categories":[4],"tags":[],"class_list":["post-15091","post","type-post","status-publish","format-standard","has-post-thumbnail","hentry","category-cotidiano"],"_links":{"self":[{"href":"https:\/\/catolicanet.net\/wp-cnet\/wp-json\/wp\/v2\/posts\/15091","targetHints":{"allow":["GET"]}}],"collection":[{"href":"https:\/\/catolicanet.net\/wp-cnet\/wp-json\/wp\/v2\/posts"}],"about":[{"href":"https:\/\/catolicanet.net\/wp-cnet\/wp-json\/wp\/v2\/types\/post"}],"author":[{"embeddable":true,"href":"https:\/\/catolicanet.net\/wp-cnet\/wp-json\/wp\/v2\/users\/1"}],"replies":[{"embeddable":true,"href":"https:\/\/catolicanet.net\/wp-cnet\/wp-json\/wp\/v2\/comments?post=15091"}],"version-history":[{"count":1,"href":"https:\/\/catolicanet.net\/wp-cnet\/wp-json\/wp\/v2\/posts\/15091\/revisions"}],"predecessor-version":[{"id":25836,"href":"https:\/\/catolicanet.net\/wp-cnet\/wp-json\/wp\/v2\/posts\/15091\/revisions\/25836"}],"wp:featuredmedia":[{"embeddable":true,"href":"https:\/\/catolicanet.net\/wp-cnet\/wp-json\/wp\/v2\/media\/15090"}],"wp:attachment":[{"href":"https:\/\/catolicanet.net\/wp-cnet\/wp-json\/wp\/v2\/media?parent=15091"}],"wp:term":[{"taxonomy":"category","embeddable":true,"href":"https:\/\/catolicanet.net\/wp-cnet\/wp-json\/wp\/v2\/categories?post=15091"},{"taxonomy":"post_tag","embeddable":true,"href":"https:\/\/catolicanet.net\/wp-cnet\/wp-json\/wp\/v2\/tags?post=15091"}],"curies":[{"name":"wp","href":"https:\/\/api.w.org\/{rel}","templated":true}]}}