{"id":15075,"date":"2016-06-08T15:03:07","date_gmt":"2016-06-08T18:03:07","guid":{"rendered":"http:\/\/catolicanet.net\/wp-cnet\/2016\/06\/08\/a-salutar-compaixao-de-deus\/"},"modified":"2017-05-08T11:48:07","modified_gmt":"2017-05-08T14:48:07","slug":"a-salutar-compaixao-de-deus","status":"publish","type":"post","link":"https:\/\/catolicanet.net\/wp-cnet\/a-salutar-compaixao-de-deus\/","title":{"rendered":"A salutar compaix\u00e3o de Deus"},"content":{"rendered":"<p style=\"text-align: justify;\">A compaix\u00e3o de Deus pela humanidade e pelo planeta faz-se mais do que necess\u00e1ria \u00e0s pessoas de boa vontade, inspiradas na rea\u00e7\u00e3o de Jesus, na sua enorme e radicalmente sensibilidade ao sofrimento das pessoas. O ensinamento vem de Jesus, no epis\u00f3dio da aldeia de Naim, diante da vi\u00fava em tr\u00e1gica situa\u00e7\u00e3o, no contexto de uma sociedade em que o controle era exercido por homens. O Filho de Deus se deparou com uma mulher envolvida em profunda dor, n\u00e3o lhe dizendo nada, s\u00f3 chorando, para externar seu abatimento, pelo filho que tinha acabado de morrer.<br \/>Dor sagrada e salutar numa vis\u00e3o de f\u00e9, ao chegar ao \u00edntimo do interior do Filho Deus, reagindo de imediato, dizendo n\u00e3o \u00e0 dor e \u00e0 tristeza, na radical e concreta compaix\u00e3o: \u201cJovem, eu te ordeno, levanta-te!\u201d (cf. Lc 7, 11-17). Esse \u00e9 o nosso Deus a nos livrar das garras da dor, do sofrimento e da morte, oferecendo-nos ternura e miseric\u00f3rdia, vindo ao encontro da humanidade solid\u00e1ria, que com ela deseja sempre mais edificar seu projeto de amor.<br \/>Igualmente, vemos o mesmo Deus, radicalmente presente na dor, ang\u00fastia e gemido do planeta, pela devasta\u00e7\u00e3o ambiental, ao mesmo tempo a clamar, a exemplo da vi\u00fava de Naim, por uma compaix\u00e3o dadivosa e misericordiosa, diante da polui\u00e7\u00e3o alarmante do nosso mundo, pelos gazes e fuma\u00e7a na atmosfera, deixando comprometida a camada de oz\u00f4nio, num crescente processo de aquecimento global. <br \/>E aqui no nosso Brasil tamb\u00e9m n\u00e3o fugimos dessa realidade da vida ambiental, pela Mata Atl\u00e2ntica, Floresta Amaz\u00f4nica, Semi\u00e1rido e Cerrado, com evidentes sinais de redu\u00e7\u00e3o cont\u00ednua e comprometimento do seu rico potencial, n\u00e3o esquecendo a biodiversidade, o tr\u00e1fico de animais silvestres, etc.<br \/>Aos olhos da f\u00e9, percebemos a m\u00e3o de Deus, num mundo demasiadamente sofrido, comparado com o da \u00e9poca vivida por aquele que temos a honra de t\u00ea-lo como patrono do meio ambiente: S\u00e3o Francisco de Assis. <br \/>Quando alhures dissemos em artigo que toda civiliza\u00e7\u00e3o necessita de figuras exemplares, modelos e referenciais, as quais mostrassem concretamente ao mundo grandes sonhos e utopias, numa palavra, e os valores \u00faltimos, em termos de sustentar as motiva\u00e7\u00f5es dos seres humanos, na sua rela\u00e7\u00e3o e a\u00e7\u00e3o com Deus e seus semelhantes, com a natureza ou meio ambiente, aproximava-nos de uma inspira\u00e7\u00e3o; parece at\u00e9 que antev\u00edamos a grande novidade ou presente que o mundo acolheu carinhosamente (13\/03\/2013), com a elei\u00e7\u00e3o do Papa Francisco.<\/p>\n<p style=\"text-align: justify;\">\u00a0<\/p>\n<p style=\"text-align: justify;\">\u00a0<\/p>\n","protected":false},"excerpt":{"rendered":"<p>A compaix\u00e3o de Deus pela humanidade e pelo planeta faz-se mais do que necess\u00e1ria \u00e0s pessoas de boa vontade, inspiradas na rea\u00e7\u00e3o de Jesus, na sua enorme e radicalmente sensibilidade ao sofrimento das pessoas. O ensinamento vem de Jesus, no epis\u00f3dio da aldeia de Naim, diante da vi\u00fava em tr\u00e1gica situa\u00e7\u00e3o, no contexto de uma [&hellip;]<\/p>\n","protected":false},"author":6,"featured_media":0,"comment_status":"open","ping_status":"open","sticky":false,"template":"","format":"standard","meta":{"footnotes":""},"categories":[9],"tags":[],"class_list":["post-15075","post","type-post","status-publish","format-standard","hentry","category-artigos"],"_links":{"self":[{"href":"https:\/\/catolicanet.net\/wp-cnet\/wp-json\/wp\/v2\/posts\/15075","targetHints":{"allow":["GET"]}}],"collection":[{"href":"https:\/\/catolicanet.net\/wp-cnet\/wp-json\/wp\/v2\/posts"}],"about":[{"href":"https:\/\/catolicanet.net\/wp-cnet\/wp-json\/wp\/v2\/types\/post"}],"author":[{"embeddable":true,"href":"https:\/\/catolicanet.net\/wp-cnet\/wp-json\/wp\/v2\/users\/6"}],"replies":[{"embeddable":true,"href":"https:\/\/catolicanet.net\/wp-cnet\/wp-json\/wp\/v2\/comments?post=15075"}],"version-history":[{"count":1,"href":"https:\/\/catolicanet.net\/wp-cnet\/wp-json\/wp\/v2\/posts\/15075\/revisions"}],"predecessor-version":[{"id":21509,"href":"https:\/\/catolicanet.net\/wp-cnet\/wp-json\/wp\/v2\/posts\/15075\/revisions\/21509"}],"wp:attachment":[{"href":"https:\/\/catolicanet.net\/wp-cnet\/wp-json\/wp\/v2\/media?parent=15075"}],"wp:term":[{"taxonomy":"category","embeddable":true,"href":"https:\/\/catolicanet.net\/wp-cnet\/wp-json\/wp\/v2\/categories?post=15075"},{"taxonomy":"post_tag","embeddable":true,"href":"https:\/\/catolicanet.net\/wp-cnet\/wp-json\/wp\/v2\/tags?post=15075"}],"curies":[{"name":"wp","href":"https:\/\/api.w.org\/{rel}","templated":true}]}}