{"id":15044,"date":"2016-06-08T13:35:25","date_gmt":"2016-06-08T16:35:25","guid":{"rendered":"http:\/\/catolicanet.net\/wp-cnet\/2016\/06\/08\/bispos-do-regional-sul-1-iniciam-79o-assembleia-em-aparecida-sp\/"},"modified":"2017-05-26T16:00:35","modified_gmt":"2017-05-26T19:00:35","slug":"bispos-do-regional-sul-1-iniciam-79o-assembleia-em-aparecida-sp","status":"publish","type":"post","link":"https:\/\/catolicanet.net\/wp-cnet\/bispos-do-regional-sul-1-iniciam-79o-assembleia-em-aparecida-sp\/","title":{"rendered":"Bispos do regional Sul 1 iniciam 79\u00aa Assembleia em Aparecida (SP)"},"content":{"rendered":"<p style=\"text-align: justify;\"><img decoding=\"async\" src=\"http:\/\/www.catolicanet.com.br\/images\/stories\/noticias\/assembleias.jpg\" border=\"0\" align=\"left\" \/>Exorta\u00e7\u00e3o do papa Francisco Amoris Laetitia motiva o encontro<\/p>\n<p>Mais de 140 participantes, entre bispos, padres coordenadores diocesanos de pastoral e subsecret\u00e1rios das sub-regi\u00f5es pastorais, al\u00e9m de representantes dos organismos vinculados ao regional, est\u00e3o presentes na 79\u00aa Assembleia do regional Sul 1 da CNBB. O evento iniciou hoje, 7, e prosseguir\u00e1 at\u00e9 a quinta-feira, 9 de junho, em Aparecida (SP). <\/p>\n<p>A Assembleia \u00e9 conduzida pela presid\u00eancia da entidade, composta pelos bispos: dom Airton Jos\u00e9 dos Santos, arcebispo de Campinas (SP) e presidente; dom Pedro Luiz Stringhini, bispo de Mogi das Cruzes (SP) e vice-presidente; e por dom Julio Endi Akamine, bispo auxiliar de S\u00e3o Paulo e secret\u00e1rio-geral. <\/p>\n<p>&#8220;A Exorta\u00e7\u00e3o Apost\u00f3lica do papa Francisco Amoris Laetitia, no contexto da Miseric\u00f3rdia e da Miss\u00e3o&#8221; \u00e9 tema central das reflex\u00f5es da 79\u00aa Assembleia do Regional Sul 1. A programa\u00e7\u00e3o da Assembleia prev\u00ea, ainda, apresenta\u00e7\u00e3o do relat\u00f3rio das comiss\u00f5es episcopais de pastoral e presta\u00e7\u00e3o de contas da diretoria e do Conselho Econ\u00f4mico. <\/p>\n<p>A Assembleia Regional conta com a participa\u00e7\u00e3o dos bispos e convidados de seis arquidioceses, 35 dioceses e seis regi\u00f5es episcopais da arquidiocese de S\u00e3o Paulo. <\/p>\n<p>O regional Sul 1 da CNBB est\u00e1 organizado em oito sub-regi\u00f5es pastorais, sendo Aparecida, Botucatu, Campinas, Ribeir\u00e3o Preto I e II. S\u00e3o Paulo I e II e Sorocaba.<\/p>\n<p style=\"text-align: justify;\">\u00a0<\/p>\n<p style=\"text-align: justify;\">Fonte: CNBB<\/p>\n","protected":false},"excerpt":{"rendered":"<p>Exorta\u00e7\u00e3o do papa Francisco Amoris Laetitia motiva o encontro Mais de 140 participantes, entre bispos, padres coordenadores diocesanos de pastoral e subsecret\u00e1rios das sub-regi\u00f5es pastorais, al\u00e9m de representantes dos organismos vinculados ao regional, est\u00e3o presentes na 79\u00aa Assembleia do regional Sul 1 da CNBB. O evento iniciou hoje, 7, e prosseguir\u00e1 at\u00e9 a quinta-feira, 9 [&hellip;]<\/p>\n","protected":false},"author":1,"featured_media":15043,"comment_status":"open","ping_status":"open","sticky":false,"template":"","format":"standard","meta":{"footnotes":""},"categories":[7],"tags":[],"class_list":["post-15044","post","type-post","status-publish","format-standard","has-post-thumbnail","hentry","category-cnbb"],"_links":{"self":[{"href":"https:\/\/catolicanet.net\/wp-cnet\/wp-json\/wp\/v2\/posts\/15044","targetHints":{"allow":["GET"]}}],"collection":[{"href":"https:\/\/catolicanet.net\/wp-cnet\/wp-json\/wp\/v2\/posts"}],"about":[{"href":"https:\/\/catolicanet.net\/wp-cnet\/wp-json\/wp\/v2\/types\/post"}],"author":[{"embeddable":true,"href":"https:\/\/catolicanet.net\/wp-cnet\/wp-json\/wp\/v2\/users\/1"}],"replies":[{"embeddable":true,"href":"https:\/\/catolicanet.net\/wp-cnet\/wp-json\/wp\/v2\/comments?post=15044"}],"version-history":[{"count":1,"href":"https:\/\/catolicanet.net\/wp-cnet\/wp-json\/wp\/v2\/posts\/15044\/revisions"}],"predecessor-version":[{"id":23656,"href":"https:\/\/catolicanet.net\/wp-cnet\/wp-json\/wp\/v2\/posts\/15044\/revisions\/23656"}],"wp:featuredmedia":[{"embeddable":true,"href":"https:\/\/catolicanet.net\/wp-cnet\/wp-json\/wp\/v2\/media\/15043"}],"wp:attachment":[{"href":"https:\/\/catolicanet.net\/wp-cnet\/wp-json\/wp\/v2\/media?parent=15044"}],"wp:term":[{"taxonomy":"category","embeddable":true,"href":"https:\/\/catolicanet.net\/wp-cnet\/wp-json\/wp\/v2\/categories?post=15044"},{"taxonomy":"post_tag","embeddable":true,"href":"https:\/\/catolicanet.net\/wp-cnet\/wp-json\/wp\/v2\/tags?post=15044"}],"curies":[{"name":"wp","href":"https:\/\/api.w.org\/{rel}","templated":true}]}}