{"id":15017,"date":"2016-06-06T14:46:44","date_gmt":"2016-06-06T17:46:44","guid":{"rendered":"http:\/\/catolicanet.net\/wp-cnet\/2016\/06\/06\/asiaturquia-libertado-o-ultimo-acusado-pelo-massacre-de-cristaos-de-malatya-continuam-as-manipulacoes-ao-redor-do-processo\/"},"modified":"2017-05-31T10:31:27","modified_gmt":"2017-05-31T13:31:27","slug":"asiaturquia-libertado-o-ultimo-acusado-pelo-massacre-de-cristaos-de-malatya-continuam-as-manipulacoes-ao-redor-do-processo","status":"publish","type":"post","link":"https:\/\/catolicanet.net\/wp-cnet\/asiaturquia-libertado-o-ultimo-acusado-pelo-massacre-de-cristaos-de-malatya-continuam-as-manipulacoes-ao-redor-do-processo\/","title":{"rendered":"\u00c1SIA\/TURQUIA &#8211; Libertado o \u00faltimo acusado pelo massacre de crist\u00e3os de Malatya. Continuam as manipula\u00e7\u00f5es ao redor do processo"},"content":{"rendered":"<p style=\"text-align: justify;\"><img decoding=\"async\" src=\"http:\/\/www.catolicanet.com.br\/images\/stories\/noticias\/primopiano_1836.jpg\" border=\"0\" align=\"left\" \/>Malatya (Ag\u00eancia Fides) &#8211; Bulent Aral, o \u00faltimo acusado pelo massacre de crist\u00e3os de Malatya, que ainda estava detido, foi libertado nos \u00faltimos dias. Enquanto isso, o processo que deve verificar se o acusado \u00e9 culpado se prolonga, j\u00e1 que a pr\u00f3xima audi\u00eancia deveria se realizar em 28 de junho. Em fins de maio, intensificaram-se as opera\u00e7\u00f5es para ligar este epis\u00f3dio judici\u00e1rio \u00e0 evolu\u00e7\u00e3o do &#8220;processo Ergenekon&#8221;, o chamado processo sobre o \u201cEstado profundo\u201d que pressiona desde 2008 setores militares acusados de fomentar um compl\u00f4 ultranacionalista contra o governo Erdogan. Na \u00e9poca, o processo Ergenekon foi conduzido tamb\u00e9m por ambientes judici\u00e1rios pr\u00f3ximos ao movimento Hizmat de Fetullah Gulen, pregador e especialista em pol\u00edtica turca aliado, na \u00e9poca, de Erdogan, mas que sucessivamente entrou em rota de colis\u00e3o com o homem forte da pol\u00edtica turca, emigrou aos Estados Unidos e foi rotulado pelos c\u00edrculos pr\u00f3-governo como art\u00edfice de conspira\u00e7\u00f5es internacionais para lesar a lideran\u00e7a de Erdogan. O movimento Hizmat hoje \u00e9 rotulado na Turquia como \u201corganiza\u00e7\u00e3o terrorista\u201d e tamb\u00e9m o processo pelo massacre de Malatya est\u00e1 condicionado pelas convuls\u00f5es e guinadas no cen\u00e1rio e pelas alian\u00e7as que caracterizam a enigm\u00e1tica praxe do sistema turco.<br \/>Resumindo: no momento atual, testemunhas avalizam a tese segundo a qual o processo pela trag\u00e9dia dos crist\u00e3os foi manipulado por setores pr\u00f3ximos de Fetullah Gulen que queriam utiliz\u00e1-lo para condenar seus opositores.<br \/>Em 18 de abril de 2007, tr\u00eas crist\u00e3os evang\u00e9licos \u2013 os turcos Necati Aydin e Ugur Yuksel e o alem\u00e3o Tilmann Geske \u2013 foram atados e degolados na sede da casa editora Zirve, aonde colaboravam. Ao redor dos homic\u00eddios, o inqu\u00e9rito identificou uma ampla rede de cumplicidades e de coberturas que envolviam membros de setores militares e for\u00e7as de seguran\u00e7a considerados ligados \u00e0s estruturas ocultas do \u201cEstado profundo\u201d, acusadas em seguida tamb\u00e9m no processo Ergenekon. Segundo as hip\u00f3teses consideradas pela acusa\u00e7\u00e3o, o massacre foi perpetrado por estes atores, com a inten\u00e7\u00e3o espec\u00edfica de que a responsabilidade ca\u00edsse em grupos isl\u00e2micos e, indiretamente, atingisse o governo isl\u00e2mico de Erdogan. Depois, com a evolu\u00e7\u00e3o do cen\u00e1rio pol\u00edtico turco e a ruptura das rela\u00e7\u00f5es entre Erdogan e a rede ligada a Fetullah Gulen, tamb\u00e9m o processo sobre o massacre de Malatya mudou bruscamente de dire\u00e7\u00e3o, e ao redor do caso dos tr\u00eas crist\u00e3os mortos, multiplicaram-se opera\u00e7\u00f5es de manipula\u00e7\u00e3o pol\u00edtica. Em junho de 2014 foi libertado o general Hursit Tolon, suspeito de ser o mandante dos homic\u00eddios, enquanto nos \u00faltimos meses do mesmo ano, outros tr\u00eas detentos rec\u00e9m-libertados haviam iniciado a atribuir o tr\u00edplice homic\u00eddio a membros do movimento Hizmat de Fetullah Gulen. Enfim, outros tr\u00eas detentos foram libertados em 21 de janeiro de 2015 (veja Fides 27\/1\/2015). Depois da liberta\u00e7\u00e3o, dos vinte homens presos inicialmente pelo massacre, o \u00fanico ainda recluso era Bulent Aral, libertado nos dias passados.<\/p>\n<p style=\"text-align: justify;\">\u00a0<\/p>\n<p style=\"text-align: justify;\">Fonte: Ag\u00eancia Fides<\/p>\n","protected":false},"excerpt":{"rendered":"<p>Malatya (Ag\u00eancia Fides) &#8211; Bulent Aral, o \u00faltimo acusado pelo massacre de crist\u00e3os de Malatya, que ainda estava detido, foi libertado nos \u00faltimos dias. Enquanto isso, o processo que deve verificar se o acusado \u00e9 culpado se prolonga, j\u00e1 que a pr\u00f3xima audi\u00eancia deveria se realizar em 28 de junho. Em fins de maio, intensificaram-se [&hellip;]<\/p>\n","protected":false},"author":1,"featured_media":15016,"comment_status":"open","ping_status":"open","sticky":false,"template":"","format":"standard","meta":{"footnotes":""},"categories":[4],"tags":[],"class_list":["post-15017","post","type-post","status-publish","format-standard","has-post-thumbnail","hentry","category-cotidiano"],"_links":{"self":[{"href":"https:\/\/catolicanet.net\/wp-cnet\/wp-json\/wp\/v2\/posts\/15017","targetHints":{"allow":["GET"]}}],"collection":[{"href":"https:\/\/catolicanet.net\/wp-cnet\/wp-json\/wp\/v2\/posts"}],"about":[{"href":"https:\/\/catolicanet.net\/wp-cnet\/wp-json\/wp\/v2\/types\/post"}],"author":[{"embeddable":true,"href":"https:\/\/catolicanet.net\/wp-cnet\/wp-json\/wp\/v2\/users\/1"}],"replies":[{"embeddable":true,"href":"https:\/\/catolicanet.net\/wp-cnet\/wp-json\/wp\/v2\/comments?post=15017"}],"version-history":[{"count":1,"href":"https:\/\/catolicanet.net\/wp-cnet\/wp-json\/wp\/v2\/posts\/15017\/revisions"}],"predecessor-version":[{"id":25855,"href":"https:\/\/catolicanet.net\/wp-cnet\/wp-json\/wp\/v2\/posts\/15017\/revisions\/25855"}],"wp:featuredmedia":[{"embeddable":true,"href":"https:\/\/catolicanet.net\/wp-cnet\/wp-json\/wp\/v2\/media\/15016"}],"wp:attachment":[{"href":"https:\/\/catolicanet.net\/wp-cnet\/wp-json\/wp\/v2\/media?parent=15017"}],"wp:term":[{"taxonomy":"category","embeddable":true,"href":"https:\/\/catolicanet.net\/wp-cnet\/wp-json\/wp\/v2\/categories?post=15017"},{"taxonomy":"post_tag","embeddable":true,"href":"https:\/\/catolicanet.net\/wp-cnet\/wp-json\/wp\/v2\/tags?post=15017"}],"curies":[{"name":"wp","href":"https:\/\/api.w.org\/{rel}","templated":true}]}}