{"id":15015,"date":"2016-06-06T14:43:01","date_gmt":"2016-06-06T17:43:01","guid":{"rendered":"http:\/\/catolicanet.net\/wp-cnet\/2016\/06\/06\/o-papa-canoniza-a-dois-novos-santos-permanecamos-na-cruz-como-maria\/"},"modified":"2017-05-31T10:31:27","modified_gmt":"2017-05-31T13:31:27","slug":"o-papa-canoniza-a-dois-novos-santos-permanecamos-na-cruz-como-maria","status":"publish","type":"post","link":"https:\/\/catolicanet.net\/wp-cnet\/o-papa-canoniza-a-dois-novos-santos-permanecamos-na-cruz-como-maria\/","title":{"rendered":"O Papa canoniza a dois novos Santos: Permane\u00e7amos na Cruz como Maria"},"content":{"rendered":"<p style=\"text-align: justify;\"><img decoding=\"async\" src=\"http:\/\/www.catolicanet.com.br\/images\/stories\/noticias\/canonizaci2papadanielibanezaciprensa.jpg\" border=\"0\" align=\"left\" \/>Na homilia na Missa de canoniza\u00e7\u00e3o de dois novos Santos, este domingo, 5, na Pra\u00e7a de S\u00e3o Pedro o Papa Francisco recordou que a experi\u00eancia do crist\u00e3o passa por \u201cn\u00e3o escapar da cruz, mas de permanecer ali, como fez a Virgem M\u00e3e, que sofrendo junto ao Jesus recebeu a gra\u00e7a de esperar contra toda esperan\u00e7a\u201d.<\/p>\n<p>O Pont\u00edfice tamb\u00e9m assegurou que \u201cJesus n\u00e3o cessa de fazer brilhar a vit\u00f3ria da gra\u00e7a que d\u00e1 vida\u201d. \u201cEle toma consigo todos nossos pecados, apaga-os e nos devolve vivos \u00e0 mesma Igreja. E isto acontece de modo especial durante este Ano Santo da Miseric\u00f3rdia\u201d, disse.<\/p>\n<p>A Pra\u00e7a de S\u00e3o Pedro acolheu este domingo a Missa com o rito de canoniza\u00e7\u00e3o do beato polon\u00eas Stanislaw di Ges\u00f9 Maria Papczynski e da sueca Maria Elisabetta Hesselblad.<\/p>\n<p>O Papa afirmou sobre eles que permaneceram \u201cintimamente unidos \u00e0 paix\u00e3o de Jesus e neles se manifestou o poder de sua ressurrei\u00e7\u00e3o\u201d.<\/p>\n<p>O tema central da homilia foi \u201ca vit\u00f3ria de Deus sobre a dor e a morte\u201d, algo que se pode observar tamb\u00e9m nas leituras da liturgia do dia.<\/p>\n<p>\u201c\u00c9 o Evangelho da esperan\u00e7a que surge do Mist\u00e9rio Pascal de Cristo, que se irradia desde seu rosto, revelador de Deus Pai e consolador dos aflitos. \u00c9 uma palavra que nos chama a permanecer intimamente unidos \u00e0 paix\u00e3o de nosso Senhor Jesus, para que se manifeste em n\u00f3s o poder de sua ressurrei\u00e7\u00e3o\u201d.<\/p>\n<p>Francisco reconheceu que \u201ca Paix\u00e3o de Cristo est\u00e1 a resposta de Deus ao grito angustiado e \u00e0s vezes indignado que provoca em n\u00f3s a experi\u00eancia da dor e da morte\u201d.<\/p>\n<p>\u201cEsta foi tamb\u00e9m a experi\u00eancia do Stanislaw de Jesus Maria e Maria Isabel Hesselblad, que hoje s\u00e3o proclamados Santos: permaneceram intimamente unidos \u00e0 paix\u00e3o de Jesus e neles se manifestou o poder de sua ressurrei\u00e7\u00e3o\u201d.<\/p>\n<p>O Santo Padre explicou que tanto a primeira leitura como o Evangelho \u201capresentam dois sinais prodigiosos da ressurrei\u00e7\u00e3o; o primeiro realizado pelo profeta Elias, o segundo por Jesus. Nos dois casos, os mortos s\u00e3o filhos muito jovens de mulheres vi\u00favas que s\u00e3o devolvidos vivos \u00e0s suas m\u00e3es\u201d.<\/p>\n<p>O Santo Padre afirmou que \u201ca ternura de Deus se revela plenamente em Jesus\u201d e p\u00f4s de exemplo a hist\u00f3ria de S\u00e3o Paulo. \u201cuma esp\u00e9cie de ressurrei\u00e7\u00e3o \u00e9 tamb\u00e9m a do ap\u00f3stolo Paulo, que de inimigo e feroz perseguidor dos crist\u00e3os se converte em testemunha e arauto do Evangelho\u201d, concretizou.<\/p>\n<p>\u201cEsta mudan\u00e7a radical n\u00e3o foi obra dele, mas dom da miseric\u00f3rdia de Deus, que o \u00abescolheu\u00bb e o \u00abchamou com sua gra\u00e7a\u00bb, e quis revelar \u00abnele\u00bb seu Filho para que o anunciasse em meio dos gentis\u201d.<\/p>\n<p>Ap\u00f3s a missa de Canoniza\u00e7\u00e3o o Papa presidiu o \u00c2ngelus deste domingo e pediu que os fi\u00e9is rezem pela justi\u00e7a e a paz no mundo. O Pont\u00edfice tamb\u00e9m saudou os milhares de peregrinos que se reuniram na Pra\u00e7a de S\u00e3o Pedro para orar com o Santo Padre.<\/p>\n<p>\u201cTodos juntos nos dirigimos agora em ora\u00e7\u00e3o \u00e0 Virgem Maria, para que nos guie sempre no caminho da santidade e nos sustente em construir dia a dia a justi\u00e7a e a paz\u201d, concluiu o Papa.<\/p>\n<p style=\"text-align: justify;\">\u00a0<\/p>\n<p style=\"text-align: justify;\">Fonte: Acidigital<\/p>\n","protected":false},"excerpt":{"rendered":"<p>Na homilia na Missa de canoniza\u00e7\u00e3o de dois novos Santos, este domingo, 5, na Pra\u00e7a de S\u00e3o Pedro o Papa Francisco recordou que a experi\u00eancia do crist\u00e3o passa por \u201cn\u00e3o escapar da cruz, mas de permanecer ali, como fez a Virgem M\u00e3e, que sofrendo junto ao Jesus recebeu a gra\u00e7a de esperar contra toda esperan\u00e7a\u201d. [&hellip;]<\/p>\n","protected":false},"author":1,"featured_media":15014,"comment_status":"open","ping_status":"open","sticky":false,"template":"","format":"standard","meta":{"footnotes":""},"categories":[4],"tags":[],"class_list":["post-15015","post","type-post","status-publish","format-standard","has-post-thumbnail","hentry","category-cotidiano"],"_links":{"self":[{"href":"https:\/\/catolicanet.net\/wp-cnet\/wp-json\/wp\/v2\/posts\/15015","targetHints":{"allow":["GET"]}}],"collection":[{"href":"https:\/\/catolicanet.net\/wp-cnet\/wp-json\/wp\/v2\/posts"}],"about":[{"href":"https:\/\/catolicanet.net\/wp-cnet\/wp-json\/wp\/v2\/types\/post"}],"author":[{"embeddable":true,"href":"https:\/\/catolicanet.net\/wp-cnet\/wp-json\/wp\/v2\/users\/1"}],"replies":[{"embeddable":true,"href":"https:\/\/catolicanet.net\/wp-cnet\/wp-json\/wp\/v2\/comments?post=15015"}],"version-history":[{"count":1,"href":"https:\/\/catolicanet.net\/wp-cnet\/wp-json\/wp\/v2\/posts\/15015\/revisions"}],"predecessor-version":[{"id":25856,"href":"https:\/\/catolicanet.net\/wp-cnet\/wp-json\/wp\/v2\/posts\/15015\/revisions\/25856"}],"wp:featuredmedia":[{"embeddable":true,"href":"https:\/\/catolicanet.net\/wp-cnet\/wp-json\/wp\/v2\/media\/15014"}],"wp:attachment":[{"href":"https:\/\/catolicanet.net\/wp-cnet\/wp-json\/wp\/v2\/media?parent=15015"}],"wp:term":[{"taxonomy":"category","embeddable":true,"href":"https:\/\/catolicanet.net\/wp-cnet\/wp-json\/wp\/v2\/categories?post=15015"},{"taxonomy":"post_tag","embeddable":true,"href":"https:\/\/catolicanet.net\/wp-cnet\/wp-json\/wp\/v2\/tags?post=15015"}],"curies":[{"name":"wp","href":"https:\/\/api.w.org\/{rel}","templated":true}]}}