{"id":15009,"date":"2016-06-06T14:15:58","date_gmt":"2016-06-06T17:15:58","guid":{"rendered":"http:\/\/catolicanet.net\/wp-cnet\/2016\/06\/06\/lisboa-presidente-da-camara-anuncia-centro-de-estudos-e-investigacao-sobre-santo-antonio\/"},"modified":"2017-05-31T10:31:28","modified_gmt":"2017-05-31T13:31:28","slug":"lisboa-presidente-da-camara-anuncia-centro-de-estudos-e-investigacao-sobre-santo-antonio","status":"publish","type":"post","link":"https:\/\/catolicanet.net\/wp-cnet\/lisboa-presidente-da-camara-anuncia-centro-de-estudos-e-investigacao-sobre-santo-antonio\/","title":{"rendered":"Lisboa: Presidente da C\u00e2mara anuncia Centro de Estudos e Investiga\u00e7\u00e3o sobre Santo Ant\u00f4nio"},"content":{"rendered":"<p style=\"text-align: justify;\">Fernando Medina e cardeal-patriarca de Lisboa encerraram Simp\u00f3sio Internacional<\/p>\n<p>O presidente da C\u00e2mara Municipal de Lisboa anunciou a cria\u00e7\u00e3o de um Centro de Estudos e Investiga\u00e7\u00e3o sobre Santo Ant\u00f4nio, que vai funcionar em rede, para alargar o \u201cconhecimento e a investiga\u00e7\u00e3o\u201d sobre o Doutor da Igreja portugu\u00eas.<\/p>\n<p>\u201cA nossa inten\u00e7\u00e3o \u00e9 prolongar e ampliar este esfor\u00e7o de conhecimento sobre Santo Ant\u00f4nio atrav\u00e9s deste Centro de Estudos e Investiga\u00e7\u00e3o capaz de agrupar, apoiar, consolidar todas as institui\u00e7\u00f5es que hoje se debru\u00e7am sobre Santo Ant\u00f4nio. Com liga\u00e7\u00e3o em rede aos v\u00e1rios pa\u00edses onde merece uma devo\u00e7\u00e3o particular das comunidades\u201d, disse Fernando Medina no final do Simp\u00f3sio Internacional Antoniano \u2018Exulta Lusitania Felix\u2019, que decorreu este s\u00e1bado.<\/p>\n<p>\u00c0 Ag\u00eancia ECCLESIA, o autarca explicou que o futuro centro vai ter presente os m\u00faltiplos dom\u00ednios de estudo sobre os quais a influ\u00eancia de Santo Ant\u00f3nio se faz sentir, como \u201cantropologia, sociologia, arte\u201d para \u201ctentar equilibrar, aumentar\u201d o conhecimento de uma personalidade que, \u201ctantos s\u00e9culos depois, continua\u201d a ter uma presen\u00e7a \u201ct\u00e3o viva e atual no que \u00e9 a vida da cidade de Lisboa\u201d.<\/p>\n<p>O Simp\u00f3sio Internacional Antoniano \u2018Exulta Lusitania Felix\u2019 foi dinamizado no contexto dos 70 anos da atribui\u00e7\u00e3o do t\u00edtulo de Doutor da Igreja a Santo Ant\u00f4nio, em 1946, pelo Papa Pio XII, na bula que deu nome ao encontro.<\/p>\n<p>O cardeal-patriarca de Lisboa, que participou na sess\u00e3o de encerramento do col\u00f3quio, observa que a \u201cdimens\u00e3o intelectual\u201d de Santo Ant\u00f4nio \u201c\u00e9 muito menos conhecida\u201d do que a sua faceta mais pr\u00f3xima e popular como \u201cintercessor, taumaturgo, milagres\u201d.<\/p>\n<p>D. Manuel Clemente destacou que o santo franciscano integra a galeria \u201cmuito restrita\u201d de homens e mulheres que foram reconhecidos como \u201cverdadeiros int\u00e9rpretes do pensamento crist\u00e3o, da teologia, da moral, da espiritualidade\u201d.<\/p>\n<p>\u201cA obra teol\u00f3gica tem nele sempre uma inten\u00e7\u00e3o moral, de aplica\u00e7\u00e3o \u00e0 realidade, e m\u00edstica de elevar essa realidade e considera\u00e7\u00f5es ao seu \u00faltimo destino e significado\u201d, acrescentou o cardeal, especialista em Hist\u00f3ria da Igreja, em declara\u00e7\u00f5es \u00e0 Ag\u00eancia ECCLESIA, no Centro Cultural Franciscano.<\/p>\n<p>O presidente da C\u00e2mara Municipal de Lisboa sublinha por sua vez que \u201c\u00e9 muito importante a recupera\u00e7\u00e3o da hist\u00f3ria\u201d de Santo Ant\u00f4nio, tendo dado como exemplo a cria\u00e7\u00e3o e abertura do museu que lhe foi dedicado na capital e que \u201choje \u00e9 pe\u00e7a emblem\u00e1tica\u201d.<\/p>\n<p>\u201cAcho que \u00e9 essencial aumentarmos o nosso conhecimento e aumentarmos a difus\u00e3o do conhecimento sobre a personalidade de Santo Ant\u00f4nio, sobre a sua obra, sobre o seu percurso\u201d, acrescentou Fernando Medina.<\/p>\n<p>Com a participa\u00e7\u00e3o de especialistas nacionais \u2013 Lisboa e Porto \u2013 e internacionais P\u00e1dua (It\u00e1lia) e Goi\u00e2nia (Brasil), no simp\u00f3sio foi abordada a import\u00e2ncia de Lisboa e Coimbra na forma\u00e7\u00e3o teol\u00f3gica e intelectual de Santo Ant\u00f4nio.<\/p>\n<p>O Simp\u00f3sio Antoniano \u2018Exulta Lusitania Felix\u2019 foi promovido pelo munic\u00edpio da capital portuguesa, atrav\u00e9s do Museu de Lisboa\u00a0 \u2013 Santo Ant\u00f4nio, e o Centro Cultural Franciscano com a colabora\u00e7\u00e3o da revista Itinerarium e o CEFi &#8211; Centro de Filosofia da Faculdade de Ci\u00eancias Humanas, da Universidade Cat\u00f3lica Portuguesa.<\/p>\n<p style=\"text-align: justify;\">Fonte: Ag\u00eancia Ecclesia<\/p>\n","protected":false},"excerpt":{"rendered":"<p>Fernando Medina e cardeal-patriarca de Lisboa encerraram Simp\u00f3sio Internacional O presidente da C\u00e2mara Municipal de Lisboa anunciou a cria\u00e7\u00e3o de um Centro de Estudos e Investiga\u00e7\u00e3o sobre Santo Ant\u00f4nio, que vai funcionar em rede, para alargar o \u201cconhecimento e a investiga\u00e7\u00e3o\u201d sobre o Doutor da Igreja portugu\u00eas. \u201cA nossa inten\u00e7\u00e3o \u00e9 prolongar e ampliar este [&hellip;]<\/p>\n","protected":false},"author":1,"featured_media":0,"comment_status":"open","ping_status":"open","sticky":false,"template":"","format":"standard","meta":{"footnotes":""},"categories":[4],"tags":[],"class_list":["post-15009","post","type-post","status-publish","format-standard","hentry","category-cotidiano"],"_links":{"self":[{"href":"https:\/\/catolicanet.net\/wp-cnet\/wp-json\/wp\/v2\/posts\/15009","targetHints":{"allow":["GET"]}}],"collection":[{"href":"https:\/\/catolicanet.net\/wp-cnet\/wp-json\/wp\/v2\/posts"}],"about":[{"href":"https:\/\/catolicanet.net\/wp-cnet\/wp-json\/wp\/v2\/types\/post"}],"author":[{"embeddable":true,"href":"https:\/\/catolicanet.net\/wp-cnet\/wp-json\/wp\/v2\/users\/1"}],"replies":[{"embeddable":true,"href":"https:\/\/catolicanet.net\/wp-cnet\/wp-json\/wp\/v2\/comments?post=15009"}],"version-history":[{"count":1,"href":"https:\/\/catolicanet.net\/wp-cnet\/wp-json\/wp\/v2\/posts\/15009\/revisions"}],"predecessor-version":[{"id":25859,"href":"https:\/\/catolicanet.net\/wp-cnet\/wp-json\/wp\/v2\/posts\/15009\/revisions\/25859"}],"wp:attachment":[{"href":"https:\/\/catolicanet.net\/wp-cnet\/wp-json\/wp\/v2\/media?parent=15009"}],"wp:term":[{"taxonomy":"category","embeddable":true,"href":"https:\/\/catolicanet.net\/wp-cnet\/wp-json\/wp\/v2\/categories?post=15009"},{"taxonomy":"post_tag","embeddable":true,"href":"https:\/\/catolicanet.net\/wp-cnet\/wp-json\/wp\/v2\/tags?post=15009"}],"curies":[{"name":"wp","href":"https:\/\/api.w.org\/{rel}","templated":true}]}}