{"id":14996,"date":"2016-06-06T13:26:04","date_gmt":"2016-06-06T16:26:04","guid":{"rendered":"http:\/\/catolicanet.net\/wp-cnet\/2016\/06\/06\/qcomo-uma-mae-amorosaq-papa-reforca-tutela-de-menores-e-indefesos\/"},"modified":"2017-06-02T09:24:43","modified_gmt":"2017-06-02T12:24:43","slug":"qcomo-uma-mae-amorosaq-papa-reforca-tutela-de-menores-e-indefesos","status":"publish","type":"post","link":"https:\/\/catolicanet.net\/wp-cnet\/qcomo-uma-mae-amorosaq-papa-reforca-tutela-de-menores-e-indefesos\/","title":{"rendered":"&#8220;Como uma m\u00e3e amorosa&#8221; &#8211; Papa refor\u00e7a tutela de menores e indefesos"},"content":{"rendered":"<p style=\"text-align: justify;\"><img decoding=\"async\" src=\"http:\/\/www.catolicanet.com.br\/images\/stories\/noticias\/other882605_articolo.jpg\" border=\"0\" align=\"left\" \/>Os bispos que forem negligentes em rela\u00e7\u00e3o a abusos sexuais envolvendo menores poder\u00e3o ser removidos dos seus cargos. \u00c9 quanto estabelece o Papa Francisco com uma Carta Apost\u00f3lico Motu Pr\u00f3prio, que traz a data de hoje, 4 de Junho. Tal \u201cComo uma m\u00e3e amorosa\u201d (t\u00edtulo da Carta) o Papa sublinha que a Igreja ama todos os seus filhos, mas cuida e protege com particular afei\u00e7\u00e3o os mais pequenos e indefesos. Uma tarefa que toca a toda a comunidade crist\u00e3, mas de modo particular aos pastores. Por isso, bispos diocesanos, eparcas e aqueles que t\u00eam responsabilidades de uma igreja particular, e n\u00e3o tiverem esse cuidado, poder\u00e3o ser removidos dos seus cargos. O Papa refor\u00e7a assim o empenho da Igreja na tutela dos menores.<\/p>\n<p>Francisco estabelece que de entre \u201cas causas graves\u201d que o Direito Can\u00f4nico j\u00e1 prev\u00ea para a remo\u00e7\u00e3o do cargo eclesi\u00e1stico de bispos, eparcas e superiores maiores, deve ser inclu\u00edda tamb\u00e9m a neglig\u00eancia em rela\u00e7\u00e3o a abusos sobre menores ou adultos indefesos.<\/p>\n<p>No texto do Motu Pr\u00f3prio, articulado em cinco artigos, sublinha-se que a remo\u00e7\u00e3o s\u00f3 ter\u00e1 lugar se o bispo diocesano ou eparca tiver objetivamente e de forma muito grave faltado \u00e0 dilig\u00eancia dele esperado, mesmo que n\u00e3o haja grave culpa moral da sua parte.<\/p>\n<p>Em todos os casos em que haja s\u00e9rios ind\u00edcios de neglig\u00eancia, a Congrega\u00e7\u00e3o da C\u00faria Romana poder\u00e1 dar in\u00edcio a investiga\u00e7\u00f5es, informando o interessado e dando-lhe a possibilidade de se encontrar com a referida Congrega\u00e7\u00e3o e de se defender mediante os meios previstos pelo Direito. Depois das argumenta\u00e7\u00f5es por ele apresentadas, a Congrega\u00e7\u00e3o pode decidir fazer investiga\u00e7\u00f5es suplementares, ou encontrar outros bispos ou mesmo o S\u00ednodo dos Bispos antes de se reunir para tomar uma decis\u00e3o definitiva, decis\u00e3o que dever\u00e1 ser, contudo, submetida e aprovada pelo Papa.<\/p>\n<p>Estas normas entrar\u00e3o em vigor a partir de 5 de Setembro pr\u00f3ximo.<\/p>\n<p style=\"text-align: justify;\">\u00a0<\/p>\n<p style=\"text-align: justify;\">Fonte: R\u00e1dio Vaticano<\/p>\n","protected":false},"excerpt":{"rendered":"<p>Os bispos que forem negligentes em rela\u00e7\u00e3o a abusos sexuais envolvendo menores poder\u00e3o ser removidos dos seus cargos. \u00c9 quanto estabelece o Papa Francisco com uma Carta Apost\u00f3lico Motu Pr\u00f3prio, que traz a data de hoje, 4 de Junho. Tal \u201cComo uma m\u00e3e amorosa\u201d (t\u00edtulo da Carta) o Papa sublinha que a Igreja ama todos [&hellip;]<\/p>\n","protected":false},"author":1,"featured_media":14995,"comment_status":"open","ping_status":"open","sticky":false,"template":"","format":"standard","meta":{"footnotes":""},"categories":[3],"tags":[],"class_list":["post-14996","post","type-post","status-publish","format-standard","has-post-thumbnail","hentry","category-vaticano"],"_links":{"self":[{"href":"https:\/\/catolicanet.net\/wp-cnet\/wp-json\/wp\/v2\/posts\/14996","targetHints":{"allow":["GET"]}}],"collection":[{"href":"https:\/\/catolicanet.net\/wp-cnet\/wp-json\/wp\/v2\/posts"}],"about":[{"href":"https:\/\/catolicanet.net\/wp-cnet\/wp-json\/wp\/v2\/types\/post"}],"author":[{"embeddable":true,"href":"https:\/\/catolicanet.net\/wp-cnet\/wp-json\/wp\/v2\/users\/1"}],"replies":[{"embeddable":true,"href":"https:\/\/catolicanet.net\/wp-cnet\/wp-json\/wp\/v2\/comments?post=14996"}],"version-history":[{"count":1,"href":"https:\/\/catolicanet.net\/wp-cnet\/wp-json\/wp\/v2\/posts\/14996\/revisions"}],"predecessor-version":[{"id":27569,"href":"https:\/\/catolicanet.net\/wp-cnet\/wp-json\/wp\/v2\/posts\/14996\/revisions\/27569"}],"wp:featuredmedia":[{"embeddable":true,"href":"https:\/\/catolicanet.net\/wp-cnet\/wp-json\/wp\/v2\/media\/14995"}],"wp:attachment":[{"href":"https:\/\/catolicanet.net\/wp-cnet\/wp-json\/wp\/v2\/media?parent=14996"}],"wp:term":[{"taxonomy":"category","embeddable":true,"href":"https:\/\/catolicanet.net\/wp-cnet\/wp-json\/wp\/v2\/categories?post=14996"},{"taxonomy":"post_tag","embeddable":true,"href":"https:\/\/catolicanet.net\/wp-cnet\/wp-json\/wp\/v2\/tags?post=14996"}],"curies":[{"name":"wp","href":"https:\/\/api.w.org\/{rel}","templated":true}]}}