{"id":14992,"date":"2016-06-06T13:01:10","date_gmt":"2016-06-06T16:01:10","guid":{"rendered":"http:\/\/catolicanet.net\/wp-cnet\/2016\/06\/06\/papa-nas-canonizacoes-vitoria-de-deus-sobre-o-sofrimento-e-a-morte\/"},"modified":"2017-06-02T13:04:40","modified_gmt":"2017-06-02T16:04:40","slug":"papa-nas-canonizacoes-vitoria-de-deus-sobre-o-sofrimento-e-a-morte","status":"publish","type":"post","link":"https:\/\/catolicanet.net\/wp-cnet\/papa-nas-canonizacoes-vitoria-de-deus-sobre-o-sofrimento-e-a-morte\/","title":{"rendered":"Papa nas canoniza\u00e7\u00f5es: vit\u00f3ria de Deus sobre o sofrimento e a morte"},"content":{"rendered":"<p style=\"text-align: justify;\"><img decoding=\"async\" src=\"http:\/\/www.catolicanet.com.br\/images\/stories\/noticias\/ansa1020909_articolo.jpg\" border=\"0\" align=\"left\" \/>Na sua homilia, o Papa Francisco falou da vit\u00f3ria de Deus sobre o sofrimento e a morte, e do Evangelho da esperan\u00e7a que brota do mist\u00e9rio pascal de Cristo, ao qual devemos permanecer intimamente unidos para que se manifeste em n\u00f3s o poder da sua ressurrei\u00e7\u00e3o:<\/p>\n<p>\u201cRealmente, na Paix\u00e3o de Cristo, temos a resposta de Deus ao grito angustiado, e \u00e0s vezes indignado, que a experi\u00eancia do sofrimento e da morte suscita em n\u00f3s. \u00c9 preciso n\u00e3o fugir da Cruz, mas permanecer l\u00e1, como fez a Virgem M\u00e3e que, sofrendo juntamente com Jesus, recebeu a gra\u00e7a de esperar para al\u00e9m de toda a esperan\u00e7a\u201d.<\/p>\n<p>E o Papa deu o exemplo de Estanislau de Jesus Maria e de Maria Isabel Hesselblad, hoje proclamados Santos, que souberam permanecer intimamente unidos \u00e0 paix\u00e3o de Jesus e assim se manifestou neles o poder da sua ressurrei\u00e7\u00e3o.<\/p>\n<p>A primeira leitura e o Evangelho deste domingo \u2013 prosseguiu Francisco &#8211; apresentam-nos dois sinais prodigiosos de ressurrei\u00e7\u00e3o e nos dois casos os mortos s\u00e3o filhos ainda muito novos de mulheres vi\u00favas e que s\u00e3o restitu\u00eddos, vivos, \u00e0 respectiva m\u00e3e.<\/p>\n<p>Muito particular o caso da vi\u00fava de Sarepta, indignada com o profeta e com Deus, pois enquanto Elias estava l\u00e1 hospedado, o beb\u00ea dela adoeceu e morreu, mas o profeta disse \u00e0quela mulher: \u00abD\u00e1-me o teu filho\u00bb.<\/p>\n<p>\u201cEsta \u00e9 uma palavra-chave: exprime a atitude de Deus face \u00e0 nossa morte (em todas as suas formas). N\u00e3o diz: \u00abFica com ela, arranja-te!\u00bb; mas: \u00abD\u00e1-ma a Mim\u00bb. Com efeito, o profeta toma o menino e leva-o para o quarto de cima e l\u00e1 sozinho, em ora\u00e7\u00e3o, \u00abluta com Deus\u00bb, fazendo-lhe ver o absurdo daquela morte\u201d.<\/p>\n<p>E o Senhor escutou a voz de Elias, disse o Papa, porque era Ele pr\u00f3prio a falar e agir no profeta, era Ele que, pela boca de Elias, dissera \u00e0 mulher: \u00abD\u00e1-me o teu filho\u00bb,\u00a0 e agora era Ele que o devolvia, vivo, \u00e0 m\u00e3e.<\/p>\n<p>Do mesmo modo, no Evangelho, a\u00a0 ternura de Deus revela-se plenamente em Jesus que sentiu \u00abgrande compaix\u00e3o\u00bb por aquela vi\u00fava de Naim, na Galileia, que acompanhava \u00e0 sepultura o seu \u00fanico filho, ainda adolescente. Jesus aproxima-se, toca no caix\u00e3o, p\u00e1ra o cortejo f\u00fanebre e acaricia o rosto banhado de l\u00e1grimas daquela pobre m\u00e3e, dizendo \u00abN\u00e3o chores\u00bb, como se lhe pedisse: \u00abD\u00e1-me o teu filho\u00bb.<\/p>\n<p>\u201cJesus pede para Si mesmo a nossa morte, para nos libertar e devolver-nos a vida. E, de facto, aquele rapaz acordou como que de um sono profundo e come\u00e7ou novamente a falar. E Jesus \u00abentregou-o \u00e0 sua m\u00e3e\u00bb (v. 15). N\u00e3o \u00e9 um mago! \u00c9 a ternura de Deus encarnada; n\u2019Ele atua a imensa compaix\u00e3o do Pai.<\/p>\n<p>Tamb\u00e9m no ap\u00f3stolo Paulo vemos uma esp\u00e9cie de ressurrei\u00e7\u00e3o, ele que\u00a0 que de inimigo e perseguidor feroz dos crist\u00e3os se torna testemunha e arauto do Evangelho. E com os pecadores, um a um, Jesus n\u00e3o cessa de fazer resplandecer a vit\u00f3ria da gra\u00e7a que d\u00e1 a vida, disse ainda Francisco:<\/p>\n<p>\u201cDiz \u00e0 M\u00e3e-igreja: \u00abD\u00e1-me os teus filhos\u00bb, que somos todos n\u00f3s. Toma sobre Si os nossos pecados, tira-no-los e devolve-nos, vivos, \u00e0 pr\u00f3pria Igreja. E isto acontece de maneira especial durante este Ano Santo da Miseric\u00f3rdia\u201d<\/p>\n<p>.E hoje particularmente \u2013 concluiu Francisco &#8211; a Igreja mostra-nos na pessoa dos dois novos santos dois dos seus filhos que s\u00e3o testemunhas exemplares deste mist\u00e9rio de ressurrei\u00e7\u00e3o e que podem cantar eternamente com as palavras do salmista \u00abV\u00f3s convertestes o meu pranto em festa; Senhor, meu Deus, eu Vos louvarei para sempre\u00bb.<\/p>\n<p style=\"text-align: justify;\">\u00a0<\/p>\n<p style=\"text-align: justify;\">Fonte: R\u00e1dio Vaticano<\/p>\n","protected":false},"excerpt":{"rendered":"<p>Na sua homilia, o Papa Francisco falou da vit\u00f3ria de Deus sobre o sofrimento e a morte, e do Evangelho da esperan\u00e7a que brota do mist\u00e9rio pascal de Cristo, ao qual devemos permanecer intimamente unidos para que se manifeste em n\u00f3s o poder da sua ressurrei\u00e7\u00e3o: \u201cRealmente, na Paix\u00e3o de Cristo, temos a resposta de [&hellip;]<\/p>\n","protected":false},"author":1,"featured_media":14991,"comment_status":"open","ping_status":"open","sticky":false,"template":"","format":"standard","meta":{"footnotes":""},"categories":[3],"tags":[],"class_list":["post-14992","post","type-post","status-publish","format-standard","has-post-thumbnail","hentry","category-vaticano"],"_links":{"self":[{"href":"https:\/\/catolicanet.net\/wp-cnet\/wp-json\/wp\/v2\/posts\/14992","targetHints":{"allow":["GET"]}}],"collection":[{"href":"https:\/\/catolicanet.net\/wp-cnet\/wp-json\/wp\/v2\/posts"}],"about":[{"href":"https:\/\/catolicanet.net\/wp-cnet\/wp-json\/wp\/v2\/types\/post"}],"author":[{"embeddable":true,"href":"https:\/\/catolicanet.net\/wp-cnet\/wp-json\/wp\/v2\/users\/1"}],"replies":[{"embeddable":true,"href":"https:\/\/catolicanet.net\/wp-cnet\/wp-json\/wp\/v2\/comments?post=14992"}],"version-history":[{"count":1,"href":"https:\/\/catolicanet.net\/wp-cnet\/wp-json\/wp\/v2\/posts\/14992\/revisions"}],"predecessor-version":[{"id":28381,"href":"https:\/\/catolicanet.net\/wp-cnet\/wp-json\/wp\/v2\/posts\/14992\/revisions\/28381"}],"wp:featuredmedia":[{"embeddable":true,"href":"https:\/\/catolicanet.net\/wp-cnet\/wp-json\/wp\/v2\/media\/14991"}],"wp:attachment":[{"href":"https:\/\/catolicanet.net\/wp-cnet\/wp-json\/wp\/v2\/media?parent=14992"}],"wp:term":[{"taxonomy":"category","embeddable":true,"href":"https:\/\/catolicanet.net\/wp-cnet\/wp-json\/wp\/v2\/categories?post=14992"},{"taxonomy":"post_tag","embeddable":true,"href":"https:\/\/catolicanet.net\/wp-cnet\/wp-json\/wp\/v2\/tags?post=14992"}],"curies":[{"name":"wp","href":"https:\/\/api.w.org\/{rel}","templated":true}]}}