{"id":14990,"date":"2016-06-06T12:54:50","date_gmt":"2016-06-06T15:54:50","guid":{"rendered":"http:\/\/catolicanet.net\/wp-cnet\/2016\/06\/06\/jdj-na-diocese-de-sao-luiz-de-caceres\/"},"modified":"2017-05-31T10:31:28","modified_gmt":"2017-05-31T13:31:28","slug":"jdj-na-diocese-de-sao-luiz-de-caceres","status":"publish","type":"post","link":"https:\/\/catolicanet.net\/wp-cnet\/jdj-na-diocese-de-sao-luiz-de-caceres\/","title":{"rendered":"JDJ na diocese de S\u00e3o Luiz de C\u00e1ceres"},"content":{"rendered":"<p style=\"text-align: justify;\"><img decoding=\"async\" src=\"http:\/\/www.catolicanet.com.br\/images\/stories\/noticias\/cartaz-jdj-2016-215x300.jpg\" border=\"0\" align=\"left\" \/>Cartaz JDJ 2016Com muita alegria a juventude da Diocese de S\u00e3o Luiz de C\u00e1ceres, Mato Grosso, estar\u00e1 reunida nos dias 18 e 19 de Junho para celebrar a 7\u00aa Jornada Diocesana da Juventude. Desde o ano de 2010 a juventude celebra esse momento, que re\u00fane as 25 par\u00f3quias da Diocese. O p\u00fablico alvo s\u00e3o os jovens que est\u00e3o engajados em algum servi\u00e7o de evangeliza\u00e7\u00e3o pastoral ou de movimento juvenil na Igreja, mas tamb\u00e9m \u00e9 um convite para que outros jovens conhe\u00e7am a Igreja.<\/p>\n<p>Desde a primeira at\u00e9 a quinta edi\u00e7\u00e3o da JDJ, o evento foi realizado na Cidade de C\u00e1ceres. No ano passado a Par\u00f3quia de Nossa Senhora do Ros\u00e1rio de F\u00e1tima em Araputanga\u00a0 sediou o evento e este ano a JDJ acontecer\u00e1 na Par\u00f3quia Nossa Senhora Aparecida, Mirassol D\u2019Oeste.<\/p>\n<p>O objetivo principal do evento \u00e9 reunir todos os jovens do setor juventude em um lindo momento de comunh\u00e3o e evangeliza\u00e7\u00e3o juvenil com Celebra\u00e7\u00f5es Eucar\u00edsticas, prociss\u00e3o luminosa, show cat\u00f3lico, catequeses, confiss\u00f5es, apresenta\u00e7\u00f5es culturais e muita alegria , expressando o protagonismo juvenil.<\/p>\n<p>Os temas das JDJ s\u00e3o sempre escolhidos pelo Papa e, para este ano, Papa Francisco escolheu como tema \u201cBem-aventurados os misericordiosos, porque eles alcan\u00e7ar\u00e3o miseric\u00f3rdia\u201d (Mt 5,7). Neste ano teremos a presen\u00e7a da imagem de Nossa Senhora Aparecida, que est\u00e1 em peregrina\u00e7\u00e3o na diocese, em comemora\u00e7\u00e3o aos 300 anos de sua apari\u00e7\u00e3o. A imagem da Virgem Maria ser\u00e1 levada em prociss\u00e3o junto com uma r\u00e9plica da Cruz Peregrina, lembrando os \u00edcones religiosos da Jornada Mundial da Juventude.<\/p>\n<p>Durante a prociss\u00e3o luminosa, antes do show e nos intervalos das catequeses, acontecer\u00e3o v\u00e1rias apresenta\u00e7\u00f5es culturais com temas ligados ao Ano Santo da Miseric\u00f3rdia, aos 300 anos de Aparecida, a Campanha da Fraternidade 2016, ao Dia Nacional da Juventude, a Fam\u00edlia. As apresenta\u00e7\u00f5es ser\u00e3o realizadas por jovens das diferentes Par\u00f3quias de S\u00e3o Lu\u00edz de C\u00e1ceres.<\/p>\n<p>No s\u00e1bado a celebra\u00e7\u00e3o de acolhida ocorrer\u00e1 na Par\u00f3quia S\u00e3o Paulo. Ap\u00f3s a Missa e a prociss\u00e3o, ser\u00e1 realizado o show cat\u00f3lico da banda Amados do Eterno, no Centro Comunit\u00e1rio Jesus de Nazar\u00e9, Par\u00f3quia Nossa Senhora Aparecida.<\/p>\n<p>Durante o domingo, o evento permanecer\u00e1 no centro comunit\u00e1rio, onde ocorrer\u00e3o as catequeses, continua\u00e7\u00e3o das apresenta\u00e7\u00f5es culturais, confiss\u00f5es e a Missa de Envio no final da tarde. Durante todos os momentos estar\u00e3o presentes o bispo diocesano D. Ant\u00f4nio Em\u00eddio Vilar e o Pe. Celso Ferreira de Jesus assessor diocesano do setor juventude.<\/p>\n<p>Por Walter Nascimento, Setor Diocesano de Juventude de S\u00e3o Luiz de C\u00e1ceres, MT<\/p>\n<p style=\"text-align: justify;\">\u00a0<\/p>\n<p style=\"text-align: justify;\">Fonte: Jovens Conectados<\/p>\n","protected":false},"excerpt":{"rendered":"<p>Cartaz JDJ 2016Com muita alegria a juventude da Diocese de S\u00e3o Luiz de C\u00e1ceres, Mato Grosso, estar\u00e1 reunida nos dias 18 e 19 de Junho para celebrar a 7\u00aa Jornada Diocesana da Juventude. Desde o ano de 2010 a juventude celebra esse momento, que re\u00fane as 25 par\u00f3quias da Diocese. O p\u00fablico alvo s\u00e3o os [&hellip;]<\/p>\n","protected":false},"author":1,"featured_media":14989,"comment_status":"open","ping_status":"open","sticky":false,"template":"","format":"standard","meta":{"footnotes":""},"categories":[4],"tags":[],"class_list":["post-14990","post","type-post","status-publish","format-standard","has-post-thumbnail","hentry","category-cotidiano"],"_links":{"self":[{"href":"https:\/\/catolicanet.net\/wp-cnet\/wp-json\/wp\/v2\/posts\/14990","targetHints":{"allow":["GET"]}}],"collection":[{"href":"https:\/\/catolicanet.net\/wp-cnet\/wp-json\/wp\/v2\/posts"}],"about":[{"href":"https:\/\/catolicanet.net\/wp-cnet\/wp-json\/wp\/v2\/types\/post"}],"author":[{"embeddable":true,"href":"https:\/\/catolicanet.net\/wp-cnet\/wp-json\/wp\/v2\/users\/1"}],"replies":[{"embeddable":true,"href":"https:\/\/catolicanet.net\/wp-cnet\/wp-json\/wp\/v2\/comments?post=14990"}],"version-history":[{"count":1,"href":"https:\/\/catolicanet.net\/wp-cnet\/wp-json\/wp\/v2\/posts\/14990\/revisions"}],"predecessor-version":[{"id":25861,"href":"https:\/\/catolicanet.net\/wp-cnet\/wp-json\/wp\/v2\/posts\/14990\/revisions\/25861"}],"wp:featuredmedia":[{"embeddable":true,"href":"https:\/\/catolicanet.net\/wp-cnet\/wp-json\/wp\/v2\/media\/14989"}],"wp:attachment":[{"href":"https:\/\/catolicanet.net\/wp-cnet\/wp-json\/wp\/v2\/media?parent=14990"}],"wp:term":[{"taxonomy":"category","embeddable":true,"href":"https:\/\/catolicanet.net\/wp-cnet\/wp-json\/wp\/v2\/categories?post=14990"},{"taxonomy":"post_tag","embeddable":true,"href":"https:\/\/catolicanet.net\/wp-cnet\/wp-json\/wp\/v2\/tags?post=14990"}],"curies":[{"name":"wp","href":"https:\/\/api.w.org\/{rel}","templated":true}]}}