{"id":14977,"date":"2016-06-03T16:13:33","date_gmt":"2016-06-03T19:13:33","guid":{"rendered":"http:\/\/catolicanet.net\/wp-cnet\/2016\/06\/03\/semana-do-papa-de-16-a-22-de-maio\/"},"modified":"2017-05-30T08:35:19","modified_gmt":"2017-05-30T11:35:19","slug":"semana-do-papa-de-16-a-22-de-maio","status":"publish","type":"post","link":"https:\/\/catolicanet.net\/wp-cnet\/semana-do-papa-de-16-a-22-de-maio\/","title":{"rendered":"Semana do Papa de 16 a 22 de maio"},"content":{"rendered":"<p style=\"text-align: justify;\"><img decoding=\"async\" src=\"http:\/\/www.catolicanet.com.br\/images\/stories\/noticias\/ap2417652_articolo.jpg\" border=\"0\" align=\"left\" \/>Nesta \u201cSemana do Papa\u201d destaque para a sauda\u00e7\u00e3o de Francisco \u00e0s crian\u00e7as ucranianas na audi\u00eancia geral. No Angelus o Papa afirmou que com a Sant\u00edssima Trindade os crist\u00e3os s\u00e3o fermento de miseric\u00f3rdia.<\/p>\n<p>O dinheiro e o poder sujam a Igreja<\/p>\n<p>Ter\u00e7a-feira, 17 de maio \u2013 na Missa em Santa Marta o Papa Francisco afirmou que o dinheiro e o poder sujam a Igreja. O Santo Padre disse que o caminho que Jesus indica \u00e9 o servi\u00e7o, mas com frequ\u00eancia na Igreja buscam-se poder, dinheiro e vaidade.<\/p>\n<p> \u201cNo caminho que Jesus nos indica, o servi\u00e7o \u00e9 a regra. O maior \u00e9 aquele que serve mais, quem est\u00e1 mais ao servi\u00e7o dos outros, e n\u00e3o aquele que se vangloria, que busca o poder, o dinheiro&#8230;a vaidade, o orgulho\u2026\u201d<\/p>\n<p>\u201cN\u00e3o, esses n\u00e3o s\u00e3o os maiores. E o que aconteceu aqui com os ap\u00f3stolos, inclusive com a m\u00e3e de Jo\u00e3o e Tiago, \u00e9 uma hist\u00f3ria que acontece todos os dias na Igreja, em cada comunidade. \u2018Mas entre n\u00f3s, quem \u00e9 o maior? Quem comanda?\u2019 As ambi\u00e7\u00f5es\u2026Em cada comunidade \u2013 nas par\u00f3quias ou nas institui\u00e7\u00f5es \u2013 sempre existe esta vontade de galgar, de ter poder.\u201d<\/p>\n<p>Ignorar o pobre \u00e9 desprezar Deus<\/p>\n<p>Quarta-feira, 18 de maio \u2013 na audi\u00eancia geral na Pra\u00e7a de S. Pedro o Papa Francisco falou na sua catequese sobre pobreza e miseric\u00f3rdia referindo-se \u00e0 par\u00e1bola do rico avarento e do pobre L\u00e1zaro.<\/p>\n<p>A miseric\u00f3rdia de Deus est\u00e1 ligada \u00e0 nossa miseric\u00f3rdia para com o pr\u00f3ximo \u2013 disse o Santo Padre \u2013 e quando n\u00e3o temos miseric\u00f3rdia para com os outros, a miseric\u00f3rdia de Deus n\u00e3o encontra espa\u00e7o no nosso cora\u00e7\u00e3o fechado.<\/p>\n<p>Isto nos demonstra a par\u00e1bola do rico avarento e do pobre L\u00e1zaro \u2013 afirmou Francisco. O port\u00e3o da casa do rico estava sempre fechado ao pobre, que ali jazia esfomeado e coberto de chagas. Ignorando L\u00e1zaro e negando-lhe at\u00e9 mesmo as sobras da sua mesa, o rico desprezou a Deus, segundo as conhecidas palavras de Jesus: \u201cSempre que deixastes de fazer isto a um destes pequeninos, foi a Mim que o deixastes de fazer\u201d.<\/p>\n<p>Segundo o Papa podemos, assim, afirmar que \u201cignorar o pobre \u00e9 desprezar Deus\u201d.<\/p>\n<p>Sauda\u00e7\u00e3o \u00e0s crian\u00e7as da Ucr\u00e2nia<\/p>\n<p>Na audi\u00eancia geral desta quarta-feira dia 18 de maio, na Pra\u00e7a de S. Pedro, o Papa Francisco saudou com especial afeto os fi\u00e9is da Ucr\u00e2nia.<\/p>\n<p>Entre eles estavam cerca de 100 crian\u00e7as ucranianas \u201c\u00f3rf\u00e3s e deslocadas por causa do conflito armado que ainda continua no leste do pa\u00eds\u201d. As crian\u00e7as chegaram a It\u00e1lia atrav\u00e9s do projeto internacional \u201cCrian\u00e7as pela paz em todo o mundo\u201d.<\/p>\n<p>O Papa voltou a rezar pela paz na Ucr\u00e2nia:<\/p>\n<p>\u201cPor intercess\u00e3o de Maria Sant\u00edssima renovo a minha ora\u00e7\u00e3o para que seja alcan\u00e7ada uma paz duradoura, que possa levantar a popula\u00e7\u00e3o t\u00e3o provada e oferecer um futuro sereno \u00e0s novas gera\u00e7\u00f5es.\u201d<\/p>\n<p>Explorar trabalhadores para enriquecer \u00e9 pecado mortal<\/p>\n<p>Quinta-feira, 19 de maio \u2013 na Missa em Santa Marta o Papa Francisco afirmou que explorar os trabalhadores para enriquecer \u00e9 ser como sanguessugas e isso \u00e9 um pecado mortal.<\/p>\n<p>Francisco recordou a precaridade dos v\u00ednculos laborais e, em particular, citou o que lhe disse uma jovem que encontrou um emprego de 11 horas di\u00e1rias por 650 euros na informalidade.<\/p>\n<p>E disseram-lhe que se queria podia ficar com o trabalho sen\u00e3o h\u00e1 mais quem queira: \u201ch\u00e1 uma fila atr\u00e1s de si\u201d.<\/p>\n<p>A explora\u00e7\u00e3o das pessoas hoje \u00e9 uma verdadeira escravid\u00e3o \u2013 denunciou o Papa: \u201cViver do sangue das pessoas. Isto \u00e9 pecado mortal. \u00c9 pecado mortal.\u201d<\/p>\n<p>Com a Sant\u00edssima Trindade somos fermento de miseric\u00f3rdia<\/p>\n<p>Domingo, 22 de maio \u2013 Angelus com o Papa Francisco na Pra\u00e7a de S. Pedro. Grande multid\u00e3o saudou o Santo Padre que da Janela do Pal\u00e1cio Apost\u00f3lico afirmou que com a Sant\u00edssima Trindade, Pai, Filho e Esp\u00edrito Santo podemos ser fermento de comunh\u00e3o e miseric\u00f3rdia.<\/p>\n<p>No Evangelho deste Domingo da Sant\u00edssima Trindade \u2013 disse o Santo Padre \u2013 o \u201cEvangelho de S. Jo\u00e3o apresenta-nos o discurso de adeus, pronunciado por Jesus pouco antes da sua Paix\u00e3o\u201d, no qual explica aos seus disc\u00edpulos \u201cas verdades mais profundas que lhe dizem respeito; e assim \u00e9 delineada a rela\u00e7\u00e3o entre Jesus, o Pai e o Esp\u00edrito\u201d.<\/p>\n<p>Jesus sabe de estar perto da realiza\u00e7\u00e3o do des\u00edgnio do Pai que se cumprir\u00e1 com a sua morte e ressurrei\u00e7\u00e3o; por isso quer \u201cassegurar aos seus que n\u00e3o os abandonar\u00e1, porque a sua a\u00e7\u00e3o ser\u00e1 prolongada pelo Esp\u00edrito Santo\u201d \u2013 sublinhou o Papa.<\/p>\n<p>O Esp\u00edrito Santo \u2013 segundo Francisco \u2013 \u201cguia-nos nas novas situa\u00e7\u00f5es existenciais com um olhar dirigido a Jesus e, ao mesmo tempo, aberto aos acontecimentos e ao futuro\u201d.<\/p>\n<p>E o mist\u00e9rio da Trindade fala tamb\u00e9m da nossa rela\u00e7\u00e3o com o Pai, o Filho e o Esp\u00edrito Santo \u2013 afirmou o Papa \u2013 pois \u201cesta \u2018fam\u00edlia divina\u2019 n\u00e3o est\u00e1 fechada em si pr\u00f3pria, mas \u00e9 aberta e comunica-se na cria\u00e7\u00e3o e na hist\u00f3ria\u201d. O \u201chorizonte trinit\u00e1rio de comunh\u00e3o envolve-nos a todos e estimula-nos a viver no amor e na partilha fraterna\u201d \u2013 declarou o Santo Padre.<\/p>\n<p>Desta forma, \u201ca Festa da Sant\u00edssima Trindade convida-nos a empenharmo-nos nos acontecimentos do quotidiano para ser fermento de comunh\u00e3o, de consola\u00e7\u00e3o e de miseric\u00f3rdia\u201d \u2013 afirmou Francisco.<\/p>\n<p>E com o Angelus deste domingo terminamos esta s\u00edntese das principais atividades do Santo Padre que foram not\u00edcia de 16 a 22 de maio. Esta rubrica regressa na pr\u00f3xima semana sempre aqui na RV em l\u00edngua portuguesa.<\/p>\n<p style=\"text-align: justify;\">\u00a0<\/p>\n<p style=\"text-align: justify;\">Fonte: R\u00e1dio Vaticano<\/p>\n","protected":false},"excerpt":{"rendered":"<p>Nesta \u201cSemana do Papa\u201d destaque para a sauda\u00e7\u00e3o de Francisco \u00e0s crian\u00e7as ucranianas na audi\u00eancia geral. No Angelus o Papa afirmou que com a Sant\u00edssima Trindade os crist\u00e3os s\u00e3o fermento de miseric\u00f3rdia. O dinheiro e o poder sujam a Igreja Ter\u00e7a-feira, 17 de maio \u2013 na Missa em Santa Marta o Papa Francisco afirmou que [&hellip;]<\/p>\n","protected":false},"author":1,"featured_media":14976,"comment_status":"open","ping_status":"open","sticky":false,"template":"","format":"standard","meta":{"footnotes":""},"categories":[3],"tags":[],"class_list":["post-14977","post","type-post","status-publish","format-standard","has-post-thumbnail","hentry","category-vaticano"],"_links":{"self":[{"href":"https:\/\/catolicanet.net\/wp-cnet\/wp-json\/wp\/v2\/posts\/14977","targetHints":{"allow":["GET"]}}],"collection":[{"href":"https:\/\/catolicanet.net\/wp-cnet\/wp-json\/wp\/v2\/posts"}],"about":[{"href":"https:\/\/catolicanet.net\/wp-cnet\/wp-json\/wp\/v2\/types\/post"}],"author":[{"embeddable":true,"href":"https:\/\/catolicanet.net\/wp-cnet\/wp-json\/wp\/v2\/users\/1"}],"replies":[{"embeddable":true,"href":"https:\/\/catolicanet.net\/wp-cnet\/wp-json\/wp\/v2\/comments?post=14977"}],"version-history":[{"count":1,"href":"https:\/\/catolicanet.net\/wp-cnet\/wp-json\/wp\/v2\/posts\/14977\/revisions"}],"predecessor-version":[{"id":24326,"href":"https:\/\/catolicanet.net\/wp-cnet\/wp-json\/wp\/v2\/posts\/14977\/revisions\/24326"}],"wp:featuredmedia":[{"embeddable":true,"href":"https:\/\/catolicanet.net\/wp-cnet\/wp-json\/wp\/v2\/media\/14976"}],"wp:attachment":[{"href":"https:\/\/catolicanet.net\/wp-cnet\/wp-json\/wp\/v2\/media?parent=14977"}],"wp:term":[{"taxonomy":"category","embeddable":true,"href":"https:\/\/catolicanet.net\/wp-cnet\/wp-json\/wp\/v2\/categories?post=14977"},{"taxonomy":"post_tag","embeddable":true,"href":"https:\/\/catolicanet.net\/wp-cnet\/wp-json\/wp\/v2\/tags?post=14977"}],"curies":[{"name":"wp","href":"https:\/\/api.w.org\/{rel}","templated":true}]}}