{"id":14939,"date":"2016-06-02T17:10:48","date_gmt":"2016-06-02T20:10:48","guid":{"rendered":"http:\/\/catolicanet.net\/wp-cnet\/2016\/06\/02\/falece-o-cardeal-mais-idoso-da-igreja-foi-secretario-de-sao-joao-xxiii\/"},"modified":"2017-05-31T10:33:06","modified_gmt":"2017-05-31T13:33:06","slug":"falece-o-cardeal-mais-idoso-da-igreja-foi-secretario-de-sao-joao-xxiii","status":"publish","type":"post","link":"https:\/\/catolicanet.net\/wp-cnet\/falece-o-cardeal-mais-idoso-da-igreja-foi-secretario-de-sao-joao-xxiii\/","title":{"rendered":"Falece o Cardeal mais idoso da Igreja: Foi secret\u00e1rio de S\u00e3o Jo\u00e3o XXIII"},"content":{"rendered":"<p style=\"text-align: justify;\"><img decoding=\"async\" src=\"http:\/\/www.catolicanet.com.br\/images\/stories\/noticias\/sanjuanxxiiilorisca.jpg\" border=\"0\" align=\"left\" \/>Na quinta-feira, 26 de maio, faleceu aos 100 anos na cidade italiana de Bergamo o Cardeal Loris Capovilla, que foi secret\u00e1rio pessoal do Papa S\u00e3o Jo\u00e3o XXIII durante todo seu pontificado.<\/p>\n<p>O Cardeal Capovilla faleceu na cl\u00ednica Palazzolo de Bergamo. Em outubro, completaria 101 anos. Ele foi criado Cardeal pelo Papa Francisco em 2014, como reconhecimento pelo seu servi\u00e7o \u00e0 Igreja.<\/p>\n<p>O Papa Francisco enviou um telegrama com suas condol\u00eancias a Dom Francesco Beschi, Bispo de Bergamo, no qual recordou o Cardeal Capovilla, \u201cque na sua longa e f\u00e9rtil exist\u00eancia testemunhou com alegria o Evangelho e serviu docilmente a Igreja, no in\u00edcio na diocese de Veneza e, depois, com primoroso afeto junto ao Papa S\u00e3o Jo\u00e3o XXIII, de cuja mem\u00f3ria foi zeloso guardi\u00e3o e prof\u00edcuo interprete\u201d.<\/p>\n<p>\u201cEm seu minist\u00e9rio episcopal, especialmente em Chieti-Vasto e em Loreto, foi sempre um pastor completamente voltado ao bem dos sacerdotes e fi\u00e9is, em um sinal de uma s\u00f3lida fidelidade \u00e0 b\u00fassola do Conc\u00edlio Vaticano II\u201d.<\/p>\n<p>No telegrama, Francisco concluiu: \u201cElevo ora\u00e7\u00f5es ao Senhor para que, por intercess\u00e3o de Nossa Senhora e de S\u00e3o Marcos Evangelista, acolha este seu fiel servidor na alegria e na paz eterna e dou de todo cora\u00e7\u00e3o a b\u00ean\u00e7\u00e3o apost\u00f3lica a todos aqueles que sentem a sua aus\u00eancia\u201d.<\/p>\n<p>Em 2014, quando tinha 98 anos e soube de sua cria\u00e7\u00e3o cardinal\u00edcia, o ent\u00e3o Dom Capovilla afirmou que \u201co Papa Francisco olhou para um sacerdote idoso e acreditou honrar atrav\u00e9s de mim a todos os sacerdotes mais humildes, que serviram a Igreja em sil\u00eancio. Sempre me senti como um servidor de Deus e me senti pequeno entre os pequenos. E servirei at\u00e9 que Deus me permita continuar servindo, amando, acreditando na unidade da fam\u00edlia humana\u201d.<\/p>\n<p>Loris Francesco Capovilla nasceu em Pontelongo, em 14 de outubro de 1915. Foi ordenado sacerdote no dia 23 de maio de 1940.<\/p>\n<p>Como sacerdote, colaborou com o Cardeal Angelo Giuseppe Roncalli, eleito Patriarca de Veneza em 1953. No Patriarcado foi seu secret\u00e1rio pessoal durante 10 anos e, em seguida, serviu-lhe durante todo seu pontificado, ao assumir a S\u00e9 de Pedro com o nome de S\u00e3o Jo\u00e3o XXIII at\u00e9 1963.<\/p>\n<p>O sucessor de S\u00e3o Jo\u00e3o XXIII, Papa Paulo VI, nomeou-o Bispo de Chieti em 26 de junho de 1967 e o ordenou em 16 de julho desse mesmo ano. No dia 25 de setembro de 1971, foi designado Prelado de Loreto.<\/p>\n<p style=\"text-align: justify;\">\u00a0<\/p>\n<p style=\"text-align: justify;\">Fonte: Acidigital<\/p>\n","protected":false},"excerpt":{"rendered":"<p>Na quinta-feira, 26 de maio, faleceu aos 100 anos na cidade italiana de Bergamo o Cardeal Loris Capovilla, que foi secret\u00e1rio pessoal do Papa S\u00e3o Jo\u00e3o XXIII durante todo seu pontificado. O Cardeal Capovilla faleceu na cl\u00ednica Palazzolo de Bergamo. Em outubro, completaria 101 anos. Ele foi criado Cardeal pelo Papa Francisco em 2014, como [&hellip;]<\/p>\n","protected":false},"author":1,"featured_media":14938,"comment_status":"open","ping_status":"open","sticky":false,"template":"","format":"standard","meta":{"footnotes":""},"categories":[4],"tags":[],"class_list":["post-14939","post","type-post","status-publish","format-standard","has-post-thumbnail","hentry","category-cotidiano"],"_links":{"self":[{"href":"https:\/\/catolicanet.net\/wp-cnet\/wp-json\/wp\/v2\/posts\/14939","targetHints":{"allow":["GET"]}}],"collection":[{"href":"https:\/\/catolicanet.net\/wp-cnet\/wp-json\/wp\/v2\/posts"}],"about":[{"href":"https:\/\/catolicanet.net\/wp-cnet\/wp-json\/wp\/v2\/types\/post"}],"author":[{"embeddable":true,"href":"https:\/\/catolicanet.net\/wp-cnet\/wp-json\/wp\/v2\/users\/1"}],"replies":[{"embeddable":true,"href":"https:\/\/catolicanet.net\/wp-cnet\/wp-json\/wp\/v2\/comments?post=14939"}],"version-history":[{"count":1,"href":"https:\/\/catolicanet.net\/wp-cnet\/wp-json\/wp\/v2\/posts\/14939\/revisions"}],"predecessor-version":[{"id":25869,"href":"https:\/\/catolicanet.net\/wp-cnet\/wp-json\/wp\/v2\/posts\/14939\/revisions\/25869"}],"wp:featuredmedia":[{"embeddable":true,"href":"https:\/\/catolicanet.net\/wp-cnet\/wp-json\/wp\/v2\/media\/14938"}],"wp:attachment":[{"href":"https:\/\/catolicanet.net\/wp-cnet\/wp-json\/wp\/v2\/media?parent=14939"}],"wp:term":[{"taxonomy":"category","embeddable":true,"href":"https:\/\/catolicanet.net\/wp-cnet\/wp-json\/wp\/v2\/categories?post=14939"},{"taxonomy":"post_tag","embeddable":true,"href":"https:\/\/catolicanet.net\/wp-cnet\/wp-json\/wp\/v2\/tags?post=14939"}],"curies":[{"name":"wp","href":"https:\/\/api.w.org\/{rel}","templated":true}]}}