{"id":14937,"date":"2016-06-02T17:08:47","date_gmt":"2016-06-02T20:08:47","guid":{"rendered":"http:\/\/catolicanet.net\/wp-cnet\/2016\/06\/02\/caso-de-estupro-de-jovem-reflete-crise-de-valores-observa-bispo-auxiliar-do-rio\/"},"modified":"2017-05-31T10:33:06","modified_gmt":"2017-05-31T13:33:06","slug":"caso-de-estupro-de-jovem-reflete-crise-de-valores-observa-bispo-auxiliar-do-rio","status":"publish","type":"post","link":"https:\/\/catolicanet.net\/wp-cnet\/caso-de-estupro-de-jovem-reflete-crise-de-valores-observa-bispo-auxiliar-do-rio\/","title":{"rendered":"Caso de estupro de jovem reflete crise de valores, observa Bispo auxiliar do Rio"},"content":{"rendered":"<p style=\"text-align: justify;\"><img decoding=\"async\" src=\"http:\/\/www.catolicanet.com.br\/images\/stories\/bispos\/dom_antonio_augusto_dias_duarte.jpg\" border=\"0\" align=\"left\" \/>Uma car\u00eancia de valores na sociedade \u00e9 o que reflete o caso do estupro coletivo de uma jovem de 16 anos no Rio de Janeiro e a posterior divulga\u00e7\u00e3o de v\u00eddeo e fotos na internet. Foi o que constatou o Bispo auxiliar do Rio de Janeiro, Dom Ant\u00f4nio Augusto Dias Duarte, segundo quem, o fato deve ser analisado do ponto de vista \u00e9tico.<\/p>\n<p>Para ele, o caso que ganhou repercuss\u00e3o mundial n\u00e3o se trata \u201capenas de um fato chocante\u201d. \u201cEstamos vendo a ponta de um iceberg que as pessoas n\u00e3o querem ver ou, vendo, fingem n\u00e3o ver, que \u00e9 a crise de valores\u201d, indicou o Prelado.<\/p>\n<p>\u201cEm primeiro lugar \u2013 pontuou \u2013, esta situa\u00e7\u00e3o que infelizmente vivemos em nossa sociedade \u00e9 algo inadmiss\u00edvel, que n\u00e3o deve ser analisado com um vi\u00e9s que n\u00e3o seja o \u00e9tico. \u00c9 preciso fazer uma an\u00e1lise \u00e9tica e, assim, procurar o porqu\u00ea de esse fato ter ocorrido\u201d.<\/p>\n<p>O Bispo, que tamb\u00e9m \u00e9 o referencial para a Vida e a Fam\u00edlia do Regional Leste 1 da CNBB, assinalou que \u201cquando se vai em busca de uma reposta \u00e9tica, encontramos uma car\u00eancia muito grande de valores humanos, em rela\u00e7\u00e3o \u00e0 mulher, \u00e0 sexualidade, ao respeito, \u00e0 fam\u00edlia, \u00e0 seguran\u00e7a, \u00e0 educa\u00e7\u00e3o\u201d.<\/p>\n<p>Nesse sentido, destacou que n\u00e3o se pode \u201cfazer apenas uma an\u00e1lise envolvido pela emo\u00e7\u00e3o do momento ou levado por um vi\u00e9s ideol\u00f3gico\u201d.<\/p>\n<p>Ao refor\u00e7ar que o estupro \u00e9 algo inadmiss\u00edvel, Dom Ant\u00f4nio explicou que \u201co ato sexual, segundo os planos de Deus, \u00e9 um momento especial entre o homem e a mulher\u201d, sendo assim, \u201cn\u00e3o deve ser banalizado com o estupro ou ent\u00e3o sendo tomado como um ato de divers\u00e3o\u201d. \u201cIsso n\u00e3o enaltece o relacionamento respeitoso entre o casal, o homem e a mulher\u201d, acrescentou.<\/p>\n<p>Al\u00e9m disso, o Prelado comentou sobre o amparo que a Igreja deve oferecer \u00e0s pessoas que passam por situa\u00e7\u00f5es como essa. De acordo com ele, \u201ca Igreja, no seu rosto mais expressivo, \u00e9 m\u00e3e e, como m\u00e3e, sabe que todo filho que sofre deve ser acolhido e ficar mais protegido de futuras doen\u00e7as, e n\u00e3o digo doen\u00e7as f\u00edsicas, mas sim da crise de valores\u201d.<\/p>\n<p>\u201cAo acolher essa pessoa, deve mostrar que ela n\u00e3o \u00e9 um objeto, mas filha de Deus. Al\u00e9m do apoio psicol\u00f3gico, social, \u00e9 preciso mostrar a essa pessoa um Deus que \u00e9 Pai, misericordioso, amoroso\u201d.<\/p>\n<p>Na internet, \u00e9 preciso prud\u00eancia<\/p>\n<p>O caso do estupro cometido contra a adolescente foi ainda agravado pelo fato de um v\u00eddeo e fotos do caso terem sido divulgados na internet. Em rela\u00e7\u00e3o a isto, Dom Ant\u00f4nio Augusto sublinhou que \u201ca internet se socializou tanto que passou a ser um palco, que muitas vezes se torna \u00fatil para difundir valores e culturas que tiram o discernimento\u201d.<\/p>\n<p>O Prelado observou que em muitos casos, a difus\u00e3o de qualquer fato pela rede \u201c\u00e9 feito sem prud\u00eancia\u201d e advertiu que, na rede, \u201cn\u00e3o sabemos a quem aquele conte\u00fado pode chegar\u201d.<\/p>\n<p>Ele alertou que pode ocorrer de tal conte\u00fado ser consumido por \u201cpessoas que despertem uma rea\u00e7\u00e3o ruim, passando a considerar aquilo normal e copiando esse comportamento\u201d. Isso, ressaltou o Bispo, n\u00e3o apenas em rela\u00e7\u00e3o ao caso do abuso sexual, mas tamb\u00e9m \u201c\u00e0 viol\u00eancia, ao respeito m\u00fatuo, entre outros\u201d.<\/p>\n<p>Por isso, aconselhou que a internet \u201cdeve ser utilizada com prud\u00eancia, discernimento e intelig\u00eancia\u201d. \u201c\u00c9 preciso usar com maturidade\u201d, completou.<\/p>\n<p style=\"text-align: justify;\">\u00a0<\/p>\n<p style=\"text-align: justify;\">Fonte: Acidigital<\/p>\n","protected":false},"excerpt":{"rendered":"<p>Uma car\u00eancia de valores na sociedade \u00e9 o que reflete o caso do estupro coletivo de uma jovem de 16 anos no Rio de Janeiro e a posterior divulga\u00e7\u00e3o de v\u00eddeo e fotos na internet. Foi o que constatou o Bispo auxiliar do Rio de Janeiro, Dom Ant\u00f4nio Augusto Dias Duarte, segundo quem, o fato [&hellip;]<\/p>\n","protected":false},"author":1,"featured_media":14936,"comment_status":"open","ping_status":"open","sticky":false,"template":"","format":"standard","meta":{"footnotes":""},"categories":[4],"tags":[],"class_list":["post-14937","post","type-post","status-publish","format-standard","has-post-thumbnail","hentry","category-cotidiano"],"_links":{"self":[{"href":"https:\/\/catolicanet.net\/wp-cnet\/wp-json\/wp\/v2\/posts\/14937","targetHints":{"allow":["GET"]}}],"collection":[{"href":"https:\/\/catolicanet.net\/wp-cnet\/wp-json\/wp\/v2\/posts"}],"about":[{"href":"https:\/\/catolicanet.net\/wp-cnet\/wp-json\/wp\/v2\/types\/post"}],"author":[{"embeddable":true,"href":"https:\/\/catolicanet.net\/wp-cnet\/wp-json\/wp\/v2\/users\/1"}],"replies":[{"embeddable":true,"href":"https:\/\/catolicanet.net\/wp-cnet\/wp-json\/wp\/v2\/comments?post=14937"}],"version-history":[{"count":1,"href":"https:\/\/catolicanet.net\/wp-cnet\/wp-json\/wp\/v2\/posts\/14937\/revisions"}],"predecessor-version":[{"id":25870,"href":"https:\/\/catolicanet.net\/wp-cnet\/wp-json\/wp\/v2\/posts\/14937\/revisions\/25870"}],"wp:featuredmedia":[{"embeddable":true,"href":"https:\/\/catolicanet.net\/wp-cnet\/wp-json\/wp\/v2\/media\/14936"}],"wp:attachment":[{"href":"https:\/\/catolicanet.net\/wp-cnet\/wp-json\/wp\/v2\/media?parent=14937"}],"wp:term":[{"taxonomy":"category","embeddable":true,"href":"https:\/\/catolicanet.net\/wp-cnet\/wp-json\/wp\/v2\/categories?post=14937"},{"taxonomy":"post_tag","embeddable":true,"href":"https:\/\/catolicanet.net\/wp-cnet\/wp-json\/wp\/v2\/tags?post=14937"}],"curies":[{"name":"wp","href":"https:\/\/api.w.org\/{rel}","templated":true}]}}