{"id":14933,"date":"2016-06-02T16:54:21","date_gmt":"2016-06-02T19:54:21","guid":{"rendered":"http:\/\/catolicanet.net\/wp-cnet\/2016\/06\/02\/prorrogadas-inscricoes-para-5o-encontro-nacional-da-pascom\/"},"modified":"2017-05-26T16:01:53","modified_gmt":"2017-05-26T19:01:53","slug":"prorrogadas-inscricoes-para-5o-encontro-nacional-da-pascom","status":"publish","type":"post","link":"https:\/\/catolicanet.net\/wp-cnet\/prorrogadas-inscricoes-para-5o-encontro-nacional-da-pascom\/","title":{"rendered":"Prorrogadas inscri\u00e7\u00f5es para 5\u00ba Encontro Nacional da Pascom"},"content":{"rendered":"<p style=\"text-align: justify;\"><img decoding=\"async\" src=\"http:\/\/www.catolicanet.com.br\/images\/stories\/noticias\/5encpascom.png\" border=\"0\" align=\"left\" \/>O evento acontecer\u00e1 de 14 a 17 de julho, em Aparecida (SP)<\/p>\n<p>Os interessados em participar do 5\u00ba Encontro Nacional da Pastoral da Comunica\u00e7\u00e3o (Pascom) t\u00eam at\u00e9 o pr\u00f3ximo dia 15 de junho para fazer inscri\u00e7\u00e3o pelo hotsite: encontronacionalpascom.cnbb.org.br. De acordo com a organiza\u00e7\u00e3o do evento, restam poucas vagas. Mais de 750 participantes j\u00e1 est\u00e3o inscritos. <\/p>\n<p>Com o tema \u201cComunica\u00e7\u00e3o e Liturgia\u201d, o evento tem como objetivo aprofundar a compreens\u00e3o e o servi\u00e7o da comunica\u00e7\u00e3o no campo da Liturgia da Igreja. Durante o encontro, est\u00e3o previstas quatro confer\u00eancias e seis semin\u00e1rios tem\u00e1ticos, com presen\u00e7a de estudiosos e especialistas da Comunica\u00e7\u00e3o e Liturgia. <\/p>\n<p>Em carta-convite, o arcebispo de Diamantina (MG) e presidente da Comiss\u00e3o Episcopal Pastoral para a Comunica\u00e7\u00e3o, dom Darci Jos\u00e9 Nicioli, motiva os agentes da Pascom e Liturgia para o Encontro, que acontecer\u00e1 de 14 a 17 de julho, em Aparecida (SP).\u00a0 <\/p>\n<p><img decoding=\"async\" src=\"http:\/\/www.catolicanet.com.br\/images\/stories\/bispos\/domdarci.jpg\" border=\"0\" align=\"right\" \/>\u201cConvido a todos os bispos referenciais da Pastoral da Comunica\u00e7\u00e3o dos regionais da CNBB e seus respectivos coordenadores para fortalecerem a mobiliza\u00e7\u00e3o para participa\u00e7\u00e3o no 5\u00ba Encontro Nacional da Pascom, no qual iremos conviver com agentes de pastoral de todo o nosso querido Brasil\u201d, disse o arcebispo.<\/p>\n<p>Dom Darci recorda, ainda, que o 5\u00ba Encontro da Pascom ser\u00e1 momento de troca de experi\u00eancia e viv\u00eancia fraterna. \u201cPedimos, encarecidamente, que realizem um processo de prepara\u00e7\u00e3o para o Encontro Nacional envolvendo as bases da nossa pastoral: as par\u00f3quias e comunidades. Agrade\u00e7o imensamente a aten\u00e7\u00e3o de todos e conto com a presen\u00e7a alegre e entusiasmada de nossos irm\u00e3os para o maior \u00eaxito pastoral da comunica\u00e7\u00e3o na Igreja do Brasil\u201d, escreveu. <\/p>\n<p>Para hospedagem, h\u00e1 a sugest\u00e3o de dois hot\u00e9is parceiros do evento: Hotel Rainha do Brasil e Hotel San Diego.<\/p>\n<p>Inscri\u00e7\u00f5es at\u00e9 15 de junho. Acesse: encontronacionalpascom.cnbb.org.br<\/p>\n<p style=\"text-align: justify;\">\u00a0<\/p>\n<p style=\"text-align: justify;\">Fonte: CNBB<\/p>\n","protected":false},"excerpt":{"rendered":"<p>O evento acontecer\u00e1 de 14 a 17 de julho, em Aparecida (SP) Os interessados em participar do 5\u00ba Encontro Nacional da Pastoral da Comunica\u00e7\u00e3o (Pascom) t\u00eam at\u00e9 o pr\u00f3ximo dia 15 de junho para fazer inscri\u00e7\u00e3o pelo hotsite: encontronacionalpascom.cnbb.org.br. De acordo com a organiza\u00e7\u00e3o do evento, restam poucas vagas. Mais de 750 participantes j\u00e1 est\u00e3o [&hellip;]<\/p>\n","protected":false},"author":1,"featured_media":14932,"comment_status":"open","ping_status":"open","sticky":false,"template":"","format":"standard","meta":{"footnotes":""},"categories":[7],"tags":[],"class_list":["post-14933","post","type-post","status-publish","format-standard","has-post-thumbnail","hentry","category-cnbb"],"_links":{"self":[{"href":"https:\/\/catolicanet.net\/wp-cnet\/wp-json\/wp\/v2\/posts\/14933","targetHints":{"allow":["GET"]}}],"collection":[{"href":"https:\/\/catolicanet.net\/wp-cnet\/wp-json\/wp\/v2\/posts"}],"about":[{"href":"https:\/\/catolicanet.net\/wp-cnet\/wp-json\/wp\/v2\/types\/post"}],"author":[{"embeddable":true,"href":"https:\/\/catolicanet.net\/wp-cnet\/wp-json\/wp\/v2\/users\/1"}],"replies":[{"embeddable":true,"href":"https:\/\/catolicanet.net\/wp-cnet\/wp-json\/wp\/v2\/comments?post=14933"}],"version-history":[{"count":1,"href":"https:\/\/catolicanet.net\/wp-cnet\/wp-json\/wp\/v2\/posts\/14933\/revisions"}],"predecessor-version":[{"id":23661,"href":"https:\/\/catolicanet.net\/wp-cnet\/wp-json\/wp\/v2\/posts\/14933\/revisions\/23661"}],"wp:featuredmedia":[{"embeddable":true,"href":"https:\/\/catolicanet.net\/wp-cnet\/wp-json\/wp\/v2\/media\/14932"}],"wp:attachment":[{"href":"https:\/\/catolicanet.net\/wp-cnet\/wp-json\/wp\/v2\/media?parent=14933"}],"wp:term":[{"taxonomy":"category","embeddable":true,"href":"https:\/\/catolicanet.net\/wp-cnet\/wp-json\/wp\/v2\/categories?post=14933"},{"taxonomy":"post_tag","embeddable":true,"href":"https:\/\/catolicanet.net\/wp-cnet\/wp-json\/wp\/v2\/tags?post=14933"}],"curies":[{"name":"wp","href":"https:\/\/api.w.org\/{rel}","templated":true}]}}