{"id":14913,"date":"2016-06-05T03:00:00","date_gmt":"2016-06-05T06:00:00","guid":{"rendered":"http:\/\/catolicanet.net\/wp-cnet\/2016\/06\/05\/misericordia-e-reconciliacao\/"},"modified":"2017-05-08T11:52:40","modified_gmt":"2017-05-08T14:52:40","slug":"misericordia-e-reconciliacao","status":"publish","type":"post","link":"https:\/\/catolicanet.net\/wp-cnet\/misericordia-e-reconciliacao\/","title":{"rendered":"Miseric\u00f3rdia e reconcilia\u00e7\u00e3o"},"content":{"rendered":"<p style=\"text-align: justify;\">Estamos no Ano Santo da Miseric\u00f3rdia! O Santo Padre, o Papa Francisco, apresenta o fundamento e raz\u00e3o do ano santo: \u201cJesus Cristo \u00e9 o rosto da miseric\u00f3rdia do Pai\u201d (n.1) . A miseric\u00f3rdia \u00e9, pois, \u201co cora\u00e7\u00e3o pulsante do evangelho\u201d (n.12). O lema escolhido para esse Jubileu \u00e9 um chamado \u00e0 viv\u00eancia concreta da f\u00e9 e a miseric\u00f3rdia: \u201cMisericordiosos como o Pai\u201d (Lc 6,36). O Papa estabelece que em todas as Dioceses, Santu\u00e1rios, Par\u00f3quias, Comunidades crist\u00e3s se realize a celebra\u00e7\u00e3o deste Ano Santo como um acontecimento extraordin\u00e1rio de gra\u00e7a e renova\u00e7\u00e3o espiritual. Al\u00e9m disso, o Santo Padre recomenda a revitaliza\u00e7\u00e3o das obras de miseric\u00f3rdia corporal e espiritual fixadas pela Igreja, para entrarmos no cora\u00e7\u00e3o do Evangelho, onde os pobres s\u00e3o os privilegiados da miseric\u00f3rdia divina. Obras de miseric\u00f3rdia corporal: dar comida aos famintos, bebida aos sedentos, vestir os nus, acolher os peregrinos, visitar os doentes, visitar os presos e enterrar os mortos (vel\u00f3rios). Obras de miseric\u00f3rdia espiritual: aconselhar os indecisos, ensinar os ignorantes, admoestar os pecadores, consolar os aflitos, perdoar as ofensas, suportar com paci\u00eancia as pessoas inconvenientes, rezar pelos vivos e defuntos (n.15). <br \/>Neste Ano da Miseric\u00f3rdia, o Papa Francisco quer dar a import\u00e2ncia de viver a miseric\u00f3rdia de Deus atrav\u00e9s do sacramento da Reconcilia\u00e7\u00e3o, como \u201csinal da bondade do Senhor\u201d\u00a0 e do \u201cabra\u00e7o\u201d de Jesus. \u201cSer tocados com ternura pela sua m\u00e3o e plasmados pela sua gra\u00e7a permite que nos aproximemos do sacerdote sem medo por causa das nossas culpas, mas com a certeza de ser acolhidos por ele em nome de Deus\u201d .<br \/>O Sacramento da Penit\u00eancia \u00e9 sinal realizador do ju\u00edzo divino da gra\u00e7a para a reconcilia\u00e7\u00e3o do pecador na comunh\u00e3o da Igreja. O objetivo deste Sacramento \u00e9 a reconcilia\u00e7\u00e3o: reconcilia\u00e7\u00e3o com Deus, reconcilia\u00e7\u00e3o com os semelhantes e reconcilia\u00e7\u00e3o do ser humano consigo mesmo. O Sacramento da Penit\u00eancia \u00e9, em primeiro lugar, um an\u00fancio e uma atua\u00e7\u00e3o da miseric\u00f3rdia de Deus (TRESE, 1999). A palavra que anuncia a reconcilia\u00e7\u00e3o deve ser acolhida no cora\u00e7\u00e3o humano para que possa dar fruto. A resposta do homem \u00e9 chamada comumente de convers\u00e3o, ou seja, de volta. N\u00e3o h\u00e1 reconcilia\u00e7\u00e3o sem a iniciativa de Deus, mas tamb\u00e9m n\u00e3o h\u00e1 sem a resposta do homem. O Sacramento da Penit\u00eancia sup\u00f5e essencialmente um di\u00e1logo (TRESE, 1999).<br \/>O crist\u00e3o n\u00e3o vive isoladamente o seu relacionamento com Deus. Toda a salva\u00e7\u00e3o tem uma dimens\u00e3o comunit\u00e1ria. N\u00e3o s\u00f3 porque, para o crist\u00e3o, ela se realiza normalmente pelo minist\u00e9rio da Igreja, mas tamb\u00e9m porque, em certo sentido, a Igreja toda, atrav\u00e9s do pecador, faz penit\u00eancia e confessa os seus pecados. Com o seu pecado, o pecador n\u00e3o s\u00f3 ofende a Deus e a certas pessoas determinadas, mas tamb\u00e9m \u00e0 comunidade eclesial. Se confessarmos a nossa f\u00e9 na \u201ccomunh\u00e3o dos santos\u201d, poderemos facilmente compreender que o pecado, ao afastar da vida da gra\u00e7a um dos membros, limita essa comunh\u00e3o, abre como que uma ferida no corpo da Igreja (TRESE, 1999).<br \/> O Catecismo da Igreja Cat\u00f3lica explica que \u201ca convers\u00e3o interior impele \u00e0 express\u00e3o exterior com gestos e sinais vis\u00edveis, gestos e sinais de penit\u00eancia\u201d (n. 1430). E o Catecismo completa, de modo muito preciso: \u201cA penit\u00eancia interior \u00e9 uma radical reorienta\u00e7\u00e3o de toda a vida, um retorno, uma convers\u00e3o a Deus com todo o cora\u00e7\u00e3o, uma ruptura com o pecado, uma avers\u00e3o ao mal, juntamente com a reprova\u00e7\u00e3o das m\u00e1s a\u00e7\u00f5es que cometemos\u201d (n. 1421). Observe-se bem: antes de falar diretamente no Sacramento da Penit\u00eancia, estamos falando numa profunda atitude de penit\u00eancia! Desde j\u00e1 vai aparecendo claro que o Sacramento da Penit\u00eancia insere-se numa atitude mais ampla de volta a Deus e no profundo sentido existencial que somos pecadores. Como diz o Salmista: \u201cUm cora\u00e7\u00e3o despeda\u00e7ado e triturado, \u00f3 Deus, n\u00e3o rejeitar\u00e1s! Cria em mim um cora\u00e7\u00e3o puro, \u00f3 Deus; enra\u00edza em mim um esp\u00edrito novo\u201d (Sl 51, 19.12).<br \/> O Papa Francisco conhece a situa\u00e7\u00e3o atual e o mundo precisa de miseric\u00f3rdia, de um novo impulso, de um novo in\u00edcio. Deus \u00e9 amor que se transborda a toda a humanidade, ainda que sejamos infi\u00e9is. Deus jamais quebra a sua alian\u00e7a conosco, pois sempre haver\u00e1 abund\u00e2ncia de amor e de perd\u00e3o, onde tudo ser\u00e1 restabelecido e \u00e9, por causa dessa rela\u00e7\u00e3o de desiguais, que se roga sempre a miseric\u00f3rdia para assim recome\u00e7armos.<br \/> Aprendamos, portanto, no Ano Santo da Miseric\u00f3rdia, a ser misericordiosos uns com os outros para merecermos a miseric\u00f3rdia de Deus. Vivamos a experi\u00eancia do perd\u00e3o e da reconcilia\u00e7\u00e3o.<\/p>\n","protected":false},"excerpt":{"rendered":"<p>Estamos no Ano Santo da Miseric\u00f3rdia! O Santo Padre, o Papa Francisco, apresenta o fundamento e raz\u00e3o do ano santo: \u201cJesus Cristo \u00e9 o rosto da miseric\u00f3rdia do Pai\u201d (n.1) . A miseric\u00f3rdia \u00e9, pois, \u201co cora\u00e7\u00e3o pulsante do evangelho\u201d (n.12). O lema escolhido para esse Jubileu \u00e9 um chamado \u00e0 viv\u00eancia concreta da f\u00e9 [&hellip;]<\/p>\n","protected":false},"author":5,"featured_media":0,"comment_status":"open","ping_status":"open","sticky":false,"template":"","format":"standard","meta":{"footnotes":""},"categories":[9],"tags":[],"class_list":["post-14913","post","type-post","status-publish","format-standard","hentry","category-artigos"],"_links":{"self":[{"href":"https:\/\/catolicanet.net\/wp-cnet\/wp-json\/wp\/v2\/posts\/14913","targetHints":{"allow":["GET"]}}],"collection":[{"href":"https:\/\/catolicanet.net\/wp-cnet\/wp-json\/wp\/v2\/posts"}],"about":[{"href":"https:\/\/catolicanet.net\/wp-cnet\/wp-json\/wp\/v2\/types\/post"}],"author":[{"embeddable":true,"href":"https:\/\/catolicanet.net\/wp-cnet\/wp-json\/wp\/v2\/users\/5"}],"replies":[{"embeddable":true,"href":"https:\/\/catolicanet.net\/wp-cnet\/wp-json\/wp\/v2\/comments?post=14913"}],"version-history":[{"count":1,"href":"https:\/\/catolicanet.net\/wp-cnet\/wp-json\/wp\/v2\/posts\/14913\/revisions"}],"predecessor-version":[{"id":21514,"href":"https:\/\/catolicanet.net\/wp-cnet\/wp-json\/wp\/v2\/posts\/14913\/revisions\/21514"}],"wp:attachment":[{"href":"https:\/\/catolicanet.net\/wp-cnet\/wp-json\/wp\/v2\/media?parent=14913"}],"wp:term":[{"taxonomy":"category","embeddable":true,"href":"https:\/\/catolicanet.net\/wp-cnet\/wp-json\/wp\/v2\/categories?post=14913"},{"taxonomy":"post_tag","embeddable":true,"href":"https:\/\/catolicanet.net\/wp-cnet\/wp-json\/wp\/v2\/tags?post=14913"}],"curies":[{"name":"wp","href":"https:\/\/api.w.org\/{rel}","templated":true}]}}