{"id":14905,"date":"2016-06-01T19:16:14","date_gmt":"2016-06-01T22:16:14","guid":{"rendered":"http:\/\/catolicanet.net\/wp-cnet\/2016\/06\/01\/gt-de-enfrentamento-ao-trafico-humano-avalia-trabalhos-realizados\/"},"modified":"2017-05-26T16:01:53","modified_gmt":"2017-05-26T19:01:53","slug":"gt-de-enfrentamento-ao-trafico-humano-avalia-trabalhos-realizados","status":"publish","type":"post","link":"https:\/\/catolicanet.net\/wp-cnet\/gt-de-enfrentamento-ao-trafico-humano-avalia-trabalhos-realizados\/","title":{"rendered":"GT de Enfrentamento ao Tr\u00e1fico Humano avalia trabalhos realizados"},"content":{"rendered":"<p style=\"text-align: justify;\"><img decoding=\"async\" src=\"http:\/\/www.catolicanet.com.br\/images\/stories\/noticias\/gt.jpg\" border=\"0\" align=\"left\" \/>Representantes tra\u00e7aram vis\u00e3o geral sobre o tr\u00e1fico humano e o trabalho escravo no pa\u00eds <\/p>\n<p>O Grupo de Trabalho (GT) de Enfrentamento ao Tr\u00e1fico Humano da CNBB fez uma retrospectiva das atividades realizadas e discutiu a realidade do tr\u00e1fico de pessoas e a do trabalho escravo hoje, no Brasil.<\/p>\n<p>Cerca de 20 pessoas participam da reuni\u00e3o do GT, nesta quarta-feira, 1\u00ba de junho, na sede da Confer\u00eancia Nacional dos Bispos do Brasil (CNBB). <\/p>\n<p>Na ocasi\u00e3o, o bispo auxiliar de Bras\u00edlia e secret\u00e1rio geral da CNBB, dom Leonardo Steiner destacou a import\u00e2ncia do trabalho desenvolvido pelo grupo e enfatizou o apoio dado tanto pelo Minist\u00e9rio da Justi\u00e7a como do Minist\u00e9rio P\u00fablico. \u201cQuero manifestar a minha opini\u00e3o que \u00e9 a de darmos continuidade com esse grupo de trabalho, ele \u00e9 fundamental, talvez at\u00e9 pud\u00e9ssemos ampliar esse grupo de trabalho para um grupo de coordena\u00e7\u00e3o ou at\u00e9 mesmo uma Comiss\u00e3o\u201d, disse. <\/p>\n<p>O bispo ressaltou tamb\u00e9m a necessidade de a Igreja continuar ajudando os que sofrem com esse tipo de situa\u00e7\u00e3o \u2013 a do tr\u00e1fico. \u201cN\u00f3s desejamos em nome do Evangelho continuar cuidando dessas filhas e desses filhos de Deus, \u00e9 uma obriga\u00e7\u00e3o nossa, \u00e9 uma obra de miseric\u00f3rdia\u201d, sublinhou.<\/p>\n<p>O bispo de Ipameri (GO) e presidente da Comiss\u00e3o Episcopal Pastoral para o Servi\u00e7o da Caridade, Justi\u00e7a e Paz \u2013 dom Guilherme Werlang &#8211; destacou o servi\u00e7o da CNBB em favor das v\u00edtimas do tr\u00e1fico humano. Para ele, essa preocupa\u00e7\u00e3o por parte da Confer\u00eancia j\u00e1 vem de muito tempo. <\/p>\n<p>\u201cA CNBB est\u00e1 reunida novamente por meio de um grupo de trabalho que surgiu da Campanha da Fraternidade sobre o tema. Estamos aqui avaliando o que efetivamente j\u00e1 foi feito, quais os passos realizados, mas tamb\u00e9m estamos atualizando os dados e olhando como est\u00e1 essa situa\u00e7\u00e3o em nosso pa\u00eds, hoje\u201d, afirmou.<\/p>\n<p>O bispo fez ainda um apelo. \u201cQueremos discutir, queremos levar ao povo brasileiro para que finalmente acordem para essa realidade. N\u00f3s precisamos, como Igreja, fazer com que a sociedade tome consci\u00eancia dessa chaga social que ainda est\u00e1 aberta como uma ferida, que quase \u00e9 incur\u00e1vel na nossa sociedade\u201d, acrescentou.<br \/>Trabalho Escravo<\/p>\n<p>Na reuni\u00e3o, o grupo tamb\u00e9m refletiu sobre a situa\u00e7\u00e3o do trabalho escravo no pa\u00eds. O bispo de Balsas (MA) e referencial do GT, dom Enem\u00e9sio \u00c2ngelo Lazzaris, lembrou que em 2015 houve poucos casos registrados &#8211; de pessoas encontradas em situa\u00e7\u00e3o an\u00e1loga a de trabalho escravo. \u201cN\u00e3o \u00e9 por causa desses n\u00fameros que o problema n\u00e3o exista, que n\u00e3o esteja presente. Nota-se a crescente presen\u00e7a de trabalho escravo no campo e nas cidades, e n\u00e3o podemos esquecer tamb\u00e9m do trabalho infantil\u201d, ressaltou.<\/p>\n<p>O bispo cobrou ainda uma maior atua\u00e7\u00e3o por parte do Estado. \u201cFalta um monitoramento, falta uma presen\u00e7a, falta uma a\u00e7\u00e3o mais incisiva e agentes do governo para registrar esses casos e poder concretiz\u00e1-los, porque n\u00f3s do grupo j\u00e1 verificamos essa situa\u00e7\u00e3o, mas n\u00e3o temos condi\u00e7\u00e3o de fazer o flagrante ou de autuar\u201d, enfatizou.<\/p>\n<p>O GT de Enfrentamento ao Tr\u00e1fico Humano \u00e9 formado por representantes de diversas pastorais, como a da Juventude, Migrante, Mulher Marginalizada,\u00a0 Menor e\u00a0 Afro, bem como por\u00a0 membros da CNBB, da Confer\u00eancia dos Religiosos do Brasil e da Comiss\u00e3o Pastoral da Terra. <br \/>\u00daltimas not\u00edcias<\/p>\n<p> GT de Enfrentamento ao Tr\u00e1fico Humano avalia trabalhos realizados<br \/> &#8220;Despertar a consci\u00eancia mission\u00e1ria&#8221; \u00e9 tema da Assembleia Anual das POM<br \/> Meio Ambiente e Justi\u00e7a Social<br \/> Brasil: fatos que fazem pensar<br \/> O tribunal<\/p>\n<p>Artigos dos Bispos<\/p>\n<p> Meio Ambiente e Justi\u00e7a Social<br \/> Brasil: fatos que fazem pensar<br \/> O tribunal<br \/> Dar ordem<\/p>\n<p style=\"text-align: justify;\">Fonte: CNBB<\/p>\n","protected":false},"excerpt":{"rendered":"<p>Representantes tra\u00e7aram vis\u00e3o geral sobre o tr\u00e1fico humano e o trabalho escravo no pa\u00eds O Grupo de Trabalho (GT) de Enfrentamento ao Tr\u00e1fico Humano da CNBB fez uma retrospectiva das atividades realizadas e discutiu a realidade do tr\u00e1fico de pessoas e a do trabalho escravo hoje, no Brasil. Cerca de 20 pessoas participam da reuni\u00e3o [&hellip;]<\/p>\n","protected":false},"author":1,"featured_media":14904,"comment_status":"open","ping_status":"open","sticky":false,"template":"","format":"standard","meta":{"footnotes":""},"categories":[7],"tags":[],"class_list":["post-14905","post","type-post","status-publish","format-standard","has-post-thumbnail","hentry","category-cnbb"],"_links":{"self":[{"href":"https:\/\/catolicanet.net\/wp-cnet\/wp-json\/wp\/v2\/posts\/14905","targetHints":{"allow":["GET"]}}],"collection":[{"href":"https:\/\/catolicanet.net\/wp-cnet\/wp-json\/wp\/v2\/posts"}],"about":[{"href":"https:\/\/catolicanet.net\/wp-cnet\/wp-json\/wp\/v2\/types\/post"}],"author":[{"embeddable":true,"href":"https:\/\/catolicanet.net\/wp-cnet\/wp-json\/wp\/v2\/users\/1"}],"replies":[{"embeddable":true,"href":"https:\/\/catolicanet.net\/wp-cnet\/wp-json\/wp\/v2\/comments?post=14905"}],"version-history":[{"count":1,"href":"https:\/\/catolicanet.net\/wp-cnet\/wp-json\/wp\/v2\/posts\/14905\/revisions"}],"predecessor-version":[{"id":23664,"href":"https:\/\/catolicanet.net\/wp-cnet\/wp-json\/wp\/v2\/posts\/14905\/revisions\/23664"}],"wp:featuredmedia":[{"embeddable":true,"href":"https:\/\/catolicanet.net\/wp-cnet\/wp-json\/wp\/v2\/media\/14904"}],"wp:attachment":[{"href":"https:\/\/catolicanet.net\/wp-cnet\/wp-json\/wp\/v2\/media?parent=14905"}],"wp:term":[{"taxonomy":"category","embeddable":true,"href":"https:\/\/catolicanet.net\/wp-cnet\/wp-json\/wp\/v2\/categories?post=14905"},{"taxonomy":"post_tag","embeddable":true,"href":"https:\/\/catolicanet.net\/wp-cnet\/wp-json\/wp\/v2\/tags?post=14905"}],"curies":[{"name":"wp","href":"https:\/\/api.w.org\/{rel}","templated":true}]}}