{"id":14901,"date":"2016-06-01T18:29:32","date_gmt":"2016-06-01T21:29:32","guid":{"rendered":"http:\/\/catolicanet.net\/wp-cnet\/2016\/06\/01\/diocese-de-estancia-se-celebra-4o-jornada-nacional-da-iam\/"},"modified":"2017-05-31T10:33:08","modified_gmt":"2017-05-31T13:33:08","slug":"diocese-de-estancia-se-celebra-4o-jornada-nacional-da-iam","status":"publish","type":"post","link":"https:\/\/catolicanet.net\/wp-cnet\/diocese-de-estancia-se-celebra-4o-jornada-nacional-da-iam\/","title":{"rendered":"Diocese de Est\u00e2ncia (SE) celebra 4\u00aa Jornada Nacional da IAM"},"content":{"rendered":"<p style=\"text-align: justify;\"><img decoding=\"async\" src=\"http:\/\/www.catolicanet.com.br\/images\/stories\/noticias\/0 0 0 0 iam esta.jpg\" border=\"0\" align=\"left\" \/>A diocese de Est\u00e2ncia\/SE, em comunh\u00e3o com os grupos da Inf\u00e2ncia e Adolesc\u00eancia Mission\u00e1ria (IAM) espalhados pelo Brasil inteiro, celebrou a 4\u00aa Jornada Nacional da IAM com o tema: IAM do Brasil a servi\u00e7o da Miss\u00e3o na Europa. Num domingo chuvoso, dia 29 de maio, a festa ficou por conta da anima\u00e7\u00e3o e o grande esp\u00edrito mission\u00e1rio das crian\u00e7as que abrilhantou ainda mais o evento.<\/p>\n<p>A programa\u00e7\u00e3o contou com a celebra\u00e7\u00e3o da santa missa presidida pelo bispo de Est\u00e2ncia (SE), dom Giovanni Crippa, e concelebrada pelo padre Ilmar Augusto, assessor eclesi\u00e1stico da IAM na diocese e padre Gildeon Pereira, p\u00e1roco da par\u00f3quia Senhora Sant\u2019Ana, anfitri\u00e3 do evento, localizada na cidade de Boquim (SE). Durante a celebra\u00e7\u00e3o as crian\u00e7as ofertaram seus cofrinhos, fruto do seu sacrif\u00edcio, diante do altar. Esta oferta ser\u00e1 destinada a a\u00e7\u00f5es mission\u00e1rias no continente europeu.<\/p>\n<p><img decoding=\"async\" src=\"http:\/\/www.catolicanet.com.br\/images\/stories\/noticias\/0 0 0 0 iam estncia.jpg\" border=\"0\" align=\"right\" \/>O evento reuniu milhares de crian\u00e7as advindas de 21 par\u00f3quias. Como nas edi\u00e7\u00f5es anteriores da Jornada Mission\u00e1ria, esta tamb\u00e9m contou com a presen\u00e7a de representa\u00e7\u00f5es da Juventude Mission\u00e1ria (JM) e dos Idosos e Enfermos Mission\u00e1rios (IEM).<\/p>\n<p>Caroline Souza, coordenadora estadual da JM, elogiou o evento. \u201c\u00c9 sempre maravilhoso celebrar esse momento junto com a IAM, \u00e9 uma experi\u00eancia boa de sintonia mission\u00e1ria da diocese com o Brasil e o mundo. Acompanhar a prepara\u00e7\u00e3o das crian\u00e7as seguindo a proposta da tem\u00e1tica que a Jornada trouxe esse ano, contribuiu bastante para aprofundarmos a responsabilidade que temos com a miss\u00e3o\u201d.<\/p>\n<p>A assessora da IAM em Boquim (SE), Ryany Portela, agradeceu a participa\u00e7\u00e3o e a colabora\u00e7\u00e3o de diferentes organismos. \u201cDesde que soubemos que a Jornada se realizaria em nossa cidade, ficamos muito felizes. Contamos com a ajuda dos movimentos e pastorais de nossa par\u00f3quia, da Congrega\u00e7\u00e3o de Santa Terezinha e a valiosa ajuda dos padres Gildeon e Vagner. Acreditamos nas Pontif\u00edcias Obras Mission\u00e1rias, por isso com toda a f\u00e9 fazemos parte dessa fam\u00edlia\u201d.<\/p>\n<p>Com informa\u00e7\u00f5es da IAM, diocese de Est\u00e2ncia (SE)<\/p>\n<p style=\"text-align: justify;\">Fonte: POM<\/p>\n","protected":false},"excerpt":{"rendered":"<p>A diocese de Est\u00e2ncia\/SE, em comunh\u00e3o com os grupos da Inf\u00e2ncia e Adolesc\u00eancia Mission\u00e1ria (IAM) espalhados pelo Brasil inteiro, celebrou a 4\u00aa Jornada Nacional da IAM com o tema: IAM do Brasil a servi\u00e7o da Miss\u00e3o na Europa. Num domingo chuvoso, dia 29 de maio, a festa ficou por conta da anima\u00e7\u00e3o e o grande [&hellip;]<\/p>\n","protected":false},"author":1,"featured_media":14900,"comment_status":"open","ping_status":"open","sticky":false,"template":"","format":"standard","meta":{"footnotes":""},"categories":[4],"tags":[],"class_list":["post-14901","post","type-post","status-publish","format-standard","has-post-thumbnail","hentry","category-cotidiano"],"_links":{"self":[{"href":"https:\/\/catolicanet.net\/wp-cnet\/wp-json\/wp\/v2\/posts\/14901","targetHints":{"allow":["GET"]}}],"collection":[{"href":"https:\/\/catolicanet.net\/wp-cnet\/wp-json\/wp\/v2\/posts"}],"about":[{"href":"https:\/\/catolicanet.net\/wp-cnet\/wp-json\/wp\/v2\/types\/post"}],"author":[{"embeddable":true,"href":"https:\/\/catolicanet.net\/wp-cnet\/wp-json\/wp\/v2\/users\/1"}],"replies":[{"embeddable":true,"href":"https:\/\/catolicanet.net\/wp-cnet\/wp-json\/wp\/v2\/comments?post=14901"}],"version-history":[{"count":1,"href":"https:\/\/catolicanet.net\/wp-cnet\/wp-json\/wp\/v2\/posts\/14901\/revisions"}],"predecessor-version":[{"id":25874,"href":"https:\/\/catolicanet.net\/wp-cnet\/wp-json\/wp\/v2\/posts\/14901\/revisions\/25874"}],"wp:featuredmedia":[{"embeddable":true,"href":"https:\/\/catolicanet.net\/wp-cnet\/wp-json\/wp\/v2\/media\/14900"}],"wp:attachment":[{"href":"https:\/\/catolicanet.net\/wp-cnet\/wp-json\/wp\/v2\/media?parent=14901"}],"wp:term":[{"taxonomy":"category","embeddable":true,"href":"https:\/\/catolicanet.net\/wp-cnet\/wp-json\/wp\/v2\/categories?post=14901"},{"taxonomy":"post_tag","embeddable":true,"href":"https:\/\/catolicanet.net\/wp-cnet\/wp-json\/wp\/v2\/tags?post=14901"}],"curies":[{"name":"wp","href":"https:\/\/api.w.org\/{rel}","templated":true}]}}