{"id":14897,"date":"2016-06-01T18:12:59","date_gmt":"2016-06-01T21:12:59","guid":{"rendered":"http:\/\/catolicanet.net\/wp-cnet\/2016\/06\/01\/vaticano-despertar-a-consciencia-missionaria-hoje-card-filoni-na-assembleia-das-pom\/"},"modified":"2017-05-31T10:33:09","modified_gmt":"2017-05-31T13:33:09","slug":"vaticano-despertar-a-consciencia-missionaria-hoje-card-filoni-na-assembleia-das-pom","status":"publish","type":"post","link":"https:\/\/catolicanet.net\/wp-cnet\/vaticano-despertar-a-consciencia-missionaria-hoje-card-filoni-na-assembleia-das-pom\/","title":{"rendered":"VATICANO &#8211; \u201cDespertar a consci\u00eancia mission\u00e1ria hoje\u201d: Card. Filoni na Assembleia das POM"},"content":{"rendered":"<p style=\"text-align: justify;\"><img decoding=\"async\" src=\"http:\/\/www.catolicanet.com.br\/images\/stories\/noticias\/primopiano_1807.jpg\" border=\"0\" align=\"left\" \/>Roma (Ag\u00eancia Fides) \u2013 \u201cO Esp\u00edrito Santo e seus sinais dos tempos nos pedem para superar distin\u00e7\u00f5es e separa\u00e7\u00f5es eclesiais, j\u00e1 artificiais, entre terras de miss\u00e3o e pa\u00edses crist\u00e3os, entre Igrejas que enviam mission\u00e1rios e Igrejas de territ\u00f3rios de miss\u00e3o que os recebem. A evangeliza\u00e7\u00e3o, seja em suas fases iniciais de novo an\u00fancio, seja nas mais avan\u00e7adas, de pastoral evangelizadora ordin\u00e1ria, resulta transversal para toda Igreja do norte e do sul, do leste e do oeste\u201d. Foi o que reiterou o Card. Fernando Filoni, Prefeito da Congrega\u00e7\u00e3o para a Evangeliza\u00e7\u00e3o dos Povos, em seu discurso na Assembleia Geral Anual das Pontif\u00edcias Obras Mission\u00e1rias (POM), inaugurado ontem, em Roma (veja Fides 28\/05\/2016).<br \/>Recordando o tema da Assembleia &#8211; \u201cDespertar a consci\u00eancia mission\u00e1ria hoje. As POM a servi\u00e7o das jovens Igrejas\u201d, o Card. Filoni evidenciou que \u201cas jovens Igrejas, \u00e0s quais as POM querem sempre mais oferecer um servi\u00e7o adequadamente mission\u00e1rio, representam uma fonte j\u00e1 imprescind\u00edvel para despertar em todos os crist\u00e3os a consci\u00eancia da miss\u00e3o\u201d.<br \/>A Assembleia Geral deste ano coincide com o centen\u00e1rio de funda\u00e7\u00e3o de uma das quatro Obras Mission\u00e1rias, a Pontif\u00edcia Uni\u00e3o Mission\u00e1ria (PUM), nascida de uma inspira\u00e7\u00e3o do Beato padre Paolo Manna, do PIME. \u201cA intui\u00e7\u00e3o carism\u00e1tica mission\u00e1ria das PUM, hoje ainda v\u00e1lida e fonte viva para uma reavalia\u00e7\u00e3o e uma reforma radical, era e ainda \u00e9 a sua finalidade intr\u00ednseca: todos os fieis, todo o Povo de Deus, em virtude do batismo, respons\u00e1veis pela miss\u00e3o universal e as miss\u00f5es ad gentes da Igreja\u201d.<br \/>O centen\u00e1rio das PUM, al\u00e9m de uma dimens\u00e3o orante com a peregrina\u00e7\u00e3o ao t\u00famulo do Padre Manna, deve tamb\u00e9m assinalar o in\u00edcio de um processo de reavalia\u00e7\u00e3o da Obra: \u201cn\u00e3o devemos temer a urgente necessidade de reformar juntos a Pontif\u00edcia Uni\u00e3o Mission\u00e1ria e dar impulso \u00e0s outras Pontif\u00edcias Obras\u201d, sublinhou o Cardeal, relevando que o seu \u201cenfraquecimento de natureza e papel faz parte de um preocupante esfriamento eclesial em rela\u00e7\u00e3o \u00e0 miss\u00e3o, a forma\u00e7\u00e3o mission\u00e1ria e a evangeliza\u00e7\u00e3o como tal\u201d. Em seguida, explicou: \u201cIgrejas de antiga tradi\u00e7\u00e3o se esfor\u00e7am para ter paix\u00e3o e interesse suficientes para anunciar o Evangelho em terras e Igrejas al\u00e9m de suas fronteiras. Igrejas mais jovens parecem, por vezes, preocupadas demais e se organizar administrativamente, fechando-se excessivamente em si mesmas. Fi\u00e9is e pastores se esfor\u00e7am cada vez mais, sob o peso dos desafios culturais, econ\u00f4micos e religiosos, a sentirem-se prontos e fortes para sair para as periferias existenciais e territoriais que v\u00e3o al\u00e9m das normais classifica\u00e7\u00f5es sociol\u00f3gicas e econ\u00f4micas\u201d.<br \/>Nesta renova\u00e7\u00e3o da consci\u00eancia da miss\u00e3o, hoje \u00e0s PUM podem ser atribu\u00eddos \u201cdeveres de forma\u00e7\u00e3o permanente e mission\u00e1ria a servi\u00e7o das jovens Igrejas em suas inst\u00e2ncias mais diferentes. Organismos, junto \u00e0 Congrega\u00e7\u00e3o para a Evangeliza\u00e7\u00e3o dos Povos, com finalidades desde sempre formativas mission\u00e1rias, podem servir, de modo novo, para a anima\u00e7\u00e3o mission\u00e1ria inclusive das igrejas de mais antiga tradi\u00e7\u00e3o crist\u00e3, gra\u00e7as ao trabalho de forma\u00e7\u00e3o permanente mission\u00e1ria que as PUM, com as outras tr\u00eas Obras Pontif\u00edcias \u2013 das quais \u00e9 a alma \u2013 poderia oferecer \u00e0s jovens Igrejas\u201d.<br \/>O Card. Filoni auspiciou enfim que \u201cos trabalhos desta Assembleia geral sejam prof\u00edcuos e sirvam para um novo empenho a fim de que se desperte a consci\u00eancia da miss\u00e3o hoje, gra\u00e7as ao nosso servi\u00e7o como POM em favor das jovens Igrejas\u201d.<\/p>\n<p style=\"text-align: justify;\">\u00a0<\/p>\n<p style=\"text-align: justify;\">Fonte: Ag\u00eancia Fides<\/p>\n<p style=\"text-align: justify;\">\u00a0<\/p>\n","protected":false},"excerpt":{"rendered":"<p>Roma (Ag\u00eancia Fides) \u2013 \u201cO Esp\u00edrito Santo e seus sinais dos tempos nos pedem para superar distin\u00e7\u00f5es e separa\u00e7\u00f5es eclesiais, j\u00e1 artificiais, entre terras de miss\u00e3o e pa\u00edses crist\u00e3os, entre Igrejas que enviam mission\u00e1rios e Igrejas de territ\u00f3rios de miss\u00e3o que os recebem. A evangeliza\u00e7\u00e3o, seja em suas fases iniciais de novo an\u00fancio, seja nas [&hellip;]<\/p>\n","protected":false},"author":1,"featured_media":14896,"comment_status":"open","ping_status":"open","sticky":false,"template":"","format":"standard","meta":{"footnotes":""},"categories":[4],"tags":[],"class_list":["post-14897","post","type-post","status-publish","format-standard","has-post-thumbnail","hentry","category-cotidiano"],"_links":{"self":[{"href":"https:\/\/catolicanet.net\/wp-cnet\/wp-json\/wp\/v2\/posts\/14897","targetHints":{"allow":["GET"]}}],"collection":[{"href":"https:\/\/catolicanet.net\/wp-cnet\/wp-json\/wp\/v2\/posts"}],"about":[{"href":"https:\/\/catolicanet.net\/wp-cnet\/wp-json\/wp\/v2\/types\/post"}],"author":[{"embeddable":true,"href":"https:\/\/catolicanet.net\/wp-cnet\/wp-json\/wp\/v2\/users\/1"}],"replies":[{"embeddable":true,"href":"https:\/\/catolicanet.net\/wp-cnet\/wp-json\/wp\/v2\/comments?post=14897"}],"version-history":[{"count":1,"href":"https:\/\/catolicanet.net\/wp-cnet\/wp-json\/wp\/v2\/posts\/14897\/revisions"}],"predecessor-version":[{"id":25876,"href":"https:\/\/catolicanet.net\/wp-cnet\/wp-json\/wp\/v2\/posts\/14897\/revisions\/25876"}],"wp:featuredmedia":[{"embeddable":true,"href":"https:\/\/catolicanet.net\/wp-cnet\/wp-json\/wp\/v2\/media\/14896"}],"wp:attachment":[{"href":"https:\/\/catolicanet.net\/wp-cnet\/wp-json\/wp\/v2\/media?parent=14897"}],"wp:term":[{"taxonomy":"category","embeddable":true,"href":"https:\/\/catolicanet.net\/wp-cnet\/wp-json\/wp\/v2\/categories?post=14897"},{"taxonomy":"post_tag","embeddable":true,"href":"https:\/\/catolicanet.net\/wp-cnet\/wp-json\/wp\/v2\/tags?post=14897"}],"curies":[{"name":"wp","href":"https:\/\/api.w.org\/{rel}","templated":true}]}}