{"id":14895,"date":"2016-06-01T18:09:42","date_gmt":"2016-06-01T21:09:42","guid":{"rendered":"http:\/\/catolicanet.net\/wp-cnet\/2016\/06\/01\/africard-congo-moise-katumbi-na-africa-do-sul-continua-a-ser-um-adversario-do-presidente-kabila\/"},"modified":"2017-05-31T10:33:09","modified_gmt":"2017-05-31T13:33:09","slug":"africard-congo-moise-katumbi-na-africa-do-sul-continua-a-ser-um-adversario-do-presidente-kabila","status":"publish","type":"post","link":"https:\/\/catolicanet.net\/wp-cnet\/africard-congo-moise-katumbi-na-africa-do-sul-continua-a-ser-um-adversario-do-presidente-kabila\/","title":{"rendered":"\u00c1FRICA\/RD CONGO &#8211; Mo\u00efse Katumbi na \u00c1frica do Sul continua a ser um advers\u00e1rio do Presidente Kabila"},"content":{"rendered":"<p style=\"text-align: justify;\"><img decoding=\"async\" src=\"http:\/\/www.catolicanet.com.br\/images\/stories\/noticias\/primopiano_1805.jpg\" border=\"0\" align=\"left\" \/>Kinshasa (Ag\u00eancia Fides) &#8211; \u201cSe o Presidente Joseph Kabila quis se livrar de Mo\u00efse Katumbi , conseguiu, mas temporariamente. Distante do Congo, Katumbi se encontra efetivamente no ex\u00edlio e politicamente descartado\u201d afirma uma nota enviada \u00e0 Ag\u00eancia Fides pela Rede Paz para o Congo sobre as acusa\u00e7\u00f5es atribu\u00eddas ao principal candidato da oposi\u00e7\u00e3o nas elei\u00e7\u00f5es presidenciais da Rep\u00fablica Democr\u00e1tica do Congo, Mo\u00efse Katumbi, ex-governador de Katanga, de ter recrutado uma centena de mercen\u00e1rios estrangeiros para apropriar-se \u00e0 for\u00e7a do poder.<br \/>A acusa\u00e7\u00e3o foi desmentida por Katumbi, que declarou que teve que recorrer a guarda-costas particulares, pois os agentes da pol\u00edcia que lhe haviam sido destinados para sua seguran\u00e7a foram retirados depois de sua sa\u00edda do Partido Popular pela Reconstru\u00e7\u00e3o e a Democracia (PPRD), principal partido pol\u00edtico da coaliz\u00e3o de governo. Quatro homens de sua escolta pessoal foram presos no dia 24 de abril em Lubumbashi, acusados de serem mercen\u00e1rios a seu servi\u00e7o.<br \/>O \u00fanico libertado \u00e9 um cidad\u00e3o estadunidense, Darryl Lewis, enquanto os outros tr\u00eas seriam congoleses.<br \/>Em 4 de maio, o ministro da Justi\u00e7a, Alexis Thambwe Mwamba, declarou ter ordenado a abertura de um inqu\u00e9rito de \u201crecrutamento de mercen\u00e1rios\u201d estrangeiros, muitos de nacionalidade estadunidense, \u201ca servi\u00e7o\u201d de Mo\u00efse Katumbi. Ap\u00f3s dois interrogat\u00f3rios, Mo\u00efse Katumbi foi convocado para uma terceira audi\u00eancia, suspensa e adiada sem previs\u00e3o determinada, depois de alguns confrontos entre a pol\u00edcia e seus simpatizantes, enquanto o acompanhavam em um tribunal. Ap\u00f3s as desordens, o pr\u00f3prio Mo\u00efse Katumbi teve que ser internado em um hospital da cidade de Lubumbashi.<br \/>Entretanto, ele foi acusado oficialmente de \u201catentado \u00e0 seguran\u00e7a interna e externa do Estado\u201d e por isso, colocado sob \u201cmandato de pris\u00e3o provis\u00f3ria\u201d.<br \/>Mo\u00efse Katumbi pediu e obteve do Procurador da Rep\u00fablica a autoriza\u00e7\u00e3o para deixar o pa\u00eds, para continuar sua terapia m\u00e9dica em um hospital de Johannesburg, na \u00c1frica do Sul.<br \/>\u201cPara n\u00e3o perder a confian\u00e7a e a popularidade adquiridas nas \u00faltimas semanas como \u201cadvers\u00e1rio n\u00famero 1 do presidente Kabila\u201d, Katumbi n\u00e3o poder\u00e1 permanecer na \u00c1frica do Sul por muito tempo, diz a nota.<\/p>\n<p style=\"text-align: justify;\">\u201cEsta \u2018pausa\u2019 sul-africana deve lhe consentir n\u00e3o s\u00f3 poder usufruir dos cuidados m\u00e9dicos necess\u00e1rios, mas tamb\u00e9m de ter o tempo necess\u00e1rio para per preparar sua defesa diante do tribunal e definir a sua estrat\u00e9gia de retorno ao cen\u00e1rio pol\u00edtico do pa\u00eds, para constituir, junto com as for\u00e7as da oposi\u00e7\u00e3o, uma alternativa cr\u00edvel ao atual regime\u201d conclui a nota.<\/p>\n<p style=\"text-align: justify;\">\u00a0<\/p>\n<p style=\"text-align: justify;\">Fonte: Ag\u00eancia Fides<\/p>\n<p style=\"text-align: justify;\">\u00a0<\/p>\n","protected":false},"excerpt":{"rendered":"<p>Kinshasa (Ag\u00eancia Fides) &#8211; \u201cSe o Presidente Joseph Kabila quis se livrar de Mo\u00efse Katumbi , conseguiu, mas temporariamente. Distante do Congo, Katumbi se encontra efetivamente no ex\u00edlio e politicamente descartado\u201d afirma uma nota enviada \u00e0 Ag\u00eancia Fides pela Rede Paz para o Congo sobre as acusa\u00e7\u00f5es atribu\u00eddas ao principal candidato da oposi\u00e7\u00e3o nas elei\u00e7\u00f5es [&hellip;]<\/p>\n","protected":false},"author":1,"featured_media":14894,"comment_status":"open","ping_status":"open","sticky":false,"template":"","format":"standard","meta":{"footnotes":""},"categories":[4],"tags":[],"class_list":["post-14895","post","type-post","status-publish","format-standard","has-post-thumbnail","hentry","category-cotidiano"],"_links":{"self":[{"href":"https:\/\/catolicanet.net\/wp-cnet\/wp-json\/wp\/v2\/posts\/14895","targetHints":{"allow":["GET"]}}],"collection":[{"href":"https:\/\/catolicanet.net\/wp-cnet\/wp-json\/wp\/v2\/posts"}],"about":[{"href":"https:\/\/catolicanet.net\/wp-cnet\/wp-json\/wp\/v2\/types\/post"}],"author":[{"embeddable":true,"href":"https:\/\/catolicanet.net\/wp-cnet\/wp-json\/wp\/v2\/users\/1"}],"replies":[{"embeddable":true,"href":"https:\/\/catolicanet.net\/wp-cnet\/wp-json\/wp\/v2\/comments?post=14895"}],"version-history":[{"count":1,"href":"https:\/\/catolicanet.net\/wp-cnet\/wp-json\/wp\/v2\/posts\/14895\/revisions"}],"predecessor-version":[{"id":25877,"href":"https:\/\/catolicanet.net\/wp-cnet\/wp-json\/wp\/v2\/posts\/14895\/revisions\/25877"}],"wp:featuredmedia":[{"embeddable":true,"href":"https:\/\/catolicanet.net\/wp-cnet\/wp-json\/wp\/v2\/media\/14894"}],"wp:attachment":[{"href":"https:\/\/catolicanet.net\/wp-cnet\/wp-json\/wp\/v2\/media?parent=14895"}],"wp:term":[{"taxonomy":"category","embeddable":true,"href":"https:\/\/catolicanet.net\/wp-cnet\/wp-json\/wp\/v2\/categories?post=14895"},{"taxonomy":"post_tag","embeddable":true,"href":"https:\/\/catolicanet.net\/wp-cnet\/wp-json\/wp\/v2\/tags?post=14895"}],"curies":[{"name":"wp","href":"https:\/\/api.w.org\/{rel}","templated":true}]}}