{"id":14893,"date":"2016-06-01T18:06:00","date_gmt":"2016-06-01T21:06:00","guid":{"rendered":"http:\/\/catolicanet.net\/wp-cnet\/2016\/06\/01\/americaargentina-bispos-da-patagonia-preocupados-com-os-aumentos-desmedidos-nos-precos-do-gas-e-da-luz\/"},"modified":"2017-05-31T10:33:10","modified_gmt":"2017-05-31T13:33:10","slug":"americaargentina-bispos-da-patagonia-preocupados-com-os-aumentos-desmedidos-nos-precos-do-gas-e-da-luz","status":"publish","type":"post","link":"https:\/\/catolicanet.net\/wp-cnet\/americaargentina-bispos-da-patagonia-preocupados-com-os-aumentos-desmedidos-nos-precos-do-gas-e-da-luz\/","title":{"rendered":"AM\u00c9RICA\/ARGENTINA &#8211; Bispos da Patag\u00f4nia preocupados com os aumentos desmedidos nos pre\u00e7os do g\u00e1s e da luz"},"content":{"rendered":"<p style=\"text-align: justify;\"><img decoding=\"async\" src=\"http:\/\/www.catolicanet.com.br\/images\/stories\/noticias\/primopiano_1810.jpg\" border=\"0\" align=\"left\" \/>Neuqu\u00e9n (Ag\u00eancia Fides) \u2013 Os Bispos da regi\u00e3o Patag\u00f4nia-Comahue \u201cprofundamente preocupados pelas consequ\u00eancias do aumento desmedido nos pre\u00e7os de servi\u00e7os essenciais como g\u00e1s e eletricidade\u201d que atinge principalmente a popula\u00e7\u00e3o mais pobre, escreveram uma carta ao Ministro da Energia, Juan Jos\u00e9 Aranguren, e ao do Interior, Rogelio Frigerio. A regi\u00e3o compreende as prov\u00edncias de Chubut, Neuqu\u00e9n, R\u00edo Negro, Santa Cruz, Tierra del Fuego. A carta \u00e9 assinada por 11 Bispos ordin\u00e1rios, auxiliares e em\u00e9ritos das circunscri\u00e7\u00f5es eclesi\u00e1sticas da regi\u00e3o.<br \/>Na carta, recebida pela Fides, os Bispos n\u00e3o colocam em discuss\u00e3o a necessidade dos aumentos, \u201cespecialmente nos grandes centros urbanos que tiveram servi\u00e7os subvencionados pelo Estado\u201d, mas lamentam que \u201cestes aumentos n\u00e3o tenham sido feitos gradualmente, sobretudo considerando que o inverno n\u00e3o \u00e9 ben\u00e9volo na Patag\u00f4nia e nas prov\u00edncias meridionais continua durante todo o ano. Assim, existe a necessidade urgente de g\u00e1s e eletricidade\u201d.<br \/>\u201cO lamento doloroso da nossa gente \u2013 prosseguem \u2013 chega at\u00e9 n\u00f3s a cada dia atrav\u00e9s de nossos sacerdotes, agentes pastorais e Caritas paroquiais, que se sentem impotentes diante das ang\u00fastias dos mais pobres e carentes, e de muitas pequenas e m\u00e9dias empresas que t\u00eam amea\u00e7ada a sua continuidade empresarial, com a consequente perda de postos de trabalho\u201d.<br \/>Os Bispos pedem aos ministros que reconsideram as medidas, \u201cpara evitar situa\u00e7\u00f5es insustent\u00e1veis que produzam ang\u00fastia nas fam\u00edlias e tamb\u00e9m nas escolas e nas obras de promo\u00e7\u00e3o social com escassos recursos, injustamente punidas com um peso insuport\u00e1vel\u201d e reiteram que tais tarifas \u201cem grande parte de nossa regi\u00e3o amaz\u00f4nica s\u00e3o imposs\u00edveis de pagar e minam a paz social\u201d.<\/p>\n<p style=\"text-align: justify;\">Fonte: Ag\u00eancia Fides<\/p>\n<p style=\"text-align: justify;\">\u00a0<\/p>\n","protected":false},"excerpt":{"rendered":"<p>Neuqu\u00e9n (Ag\u00eancia Fides) \u2013 Os Bispos da regi\u00e3o Patag\u00f4nia-Comahue \u201cprofundamente preocupados pelas consequ\u00eancias do aumento desmedido nos pre\u00e7os de servi\u00e7os essenciais como g\u00e1s e eletricidade\u201d que atinge principalmente a popula\u00e7\u00e3o mais pobre, escreveram uma carta ao Ministro da Energia, Juan Jos\u00e9 Aranguren, e ao do Interior, Rogelio Frigerio. A regi\u00e3o compreende as prov\u00edncias de Chubut, [&hellip;]<\/p>\n","protected":false},"author":1,"featured_media":14892,"comment_status":"open","ping_status":"open","sticky":false,"template":"","format":"standard","meta":{"footnotes":""},"categories":[4],"tags":[],"class_list":["post-14893","post","type-post","status-publish","format-standard","has-post-thumbnail","hentry","category-cotidiano"],"_links":{"self":[{"href":"https:\/\/catolicanet.net\/wp-cnet\/wp-json\/wp\/v2\/posts\/14893","targetHints":{"allow":["GET"]}}],"collection":[{"href":"https:\/\/catolicanet.net\/wp-cnet\/wp-json\/wp\/v2\/posts"}],"about":[{"href":"https:\/\/catolicanet.net\/wp-cnet\/wp-json\/wp\/v2\/types\/post"}],"author":[{"embeddable":true,"href":"https:\/\/catolicanet.net\/wp-cnet\/wp-json\/wp\/v2\/users\/1"}],"replies":[{"embeddable":true,"href":"https:\/\/catolicanet.net\/wp-cnet\/wp-json\/wp\/v2\/comments?post=14893"}],"version-history":[{"count":1,"href":"https:\/\/catolicanet.net\/wp-cnet\/wp-json\/wp\/v2\/posts\/14893\/revisions"}],"predecessor-version":[{"id":25878,"href":"https:\/\/catolicanet.net\/wp-cnet\/wp-json\/wp\/v2\/posts\/14893\/revisions\/25878"}],"wp:featuredmedia":[{"embeddable":true,"href":"https:\/\/catolicanet.net\/wp-cnet\/wp-json\/wp\/v2\/media\/14892"}],"wp:attachment":[{"href":"https:\/\/catolicanet.net\/wp-cnet\/wp-json\/wp\/v2\/media?parent=14893"}],"wp:term":[{"taxonomy":"category","embeddable":true,"href":"https:\/\/catolicanet.net\/wp-cnet\/wp-json\/wp\/v2\/categories?post=14893"},{"taxonomy":"post_tag","embeddable":true,"href":"https:\/\/catolicanet.net\/wp-cnet\/wp-json\/wp\/v2\/tags?post=14893"}],"curies":[{"name":"wp","href":"https:\/\/api.w.org\/{rel}","templated":true}]}}