{"id":14879,"date":"2016-06-01T17:13:59","date_gmt":"2016-06-01T20:13:59","guid":{"rendered":"http:\/\/catolicanet.net\/wp-cnet\/2016\/06\/01\/empresas-flexiveis-trabalhadores-felizes\/"},"modified":"2017-05-31T10:34:25","modified_gmt":"2017-05-31T13:34:25","slug":"empresas-flexiveis-trabalhadores-felizes","status":"publish","type":"post","link":"https:\/\/catolicanet.net\/wp-cnet\/empresas-flexiveis-trabalhadores-felizes\/","title":{"rendered":"Empresas flex\u00edveis, trabalhadores felizes"},"content":{"rendered":"<p style=\"text-align: justify;\"><img decoding=\"async\" src=\"http:\/\/www.catolicanet.com.br\/images\/stories\/noticias\/laptop-943558_1920.jpg\" border=\"0\" align=\"left\" \/>Quanto mais responsabilidade demonstrada, mais liberdade concedida<\/p>\n<p>A concilia\u00e7\u00e3o trabalho-fam\u00edlia n\u00e3o deixa de ser motivo de preocupa\u00e7\u00e3o tanto do empregador quanto do empregado. Esta situa\u00e7\u00e3o levou as companhias a quebrarem paradigmas enraizados na cultura empresarial e a iniciar uma lenta migra\u00e7\u00e3o para op\u00e7\u00f5es mais el\u00e1sticas, com resultados equivalentes ou at\u00e9 superiores.<\/p>\n<p>Ainda falta mais consci\u00eancia, mas as novas gera\u00e7\u00f5es de pais est\u00e3o percebendo que o tempo para a fam\u00edlia \u00e9 vital e que, algumas vezes, \u00e9 preciso sacrificar um pouco do status s\u00f3cio-econ\u00f4mico em prol de outros valores mais elevados. Muitas empresas tamb\u00e9m j\u00e1 compartilham a ideia de que o capital humano \u00e9 a chave da sua produ\u00e7\u00e3o \u2013 e de que, se as pessoas e suas fam\u00edlias est\u00e3o bem, a organiza\u00e7\u00e3o tamb\u00e9m estar\u00e1.<\/p>\n<p>O ponto de converg\u00eancia entre o trabalho e a dimens\u00e3o pessoal-familiar \u00e9 a flexibilidade laboral: a possibilidade de trocar esquemas r\u00edgidos demais por outros mais abertos, capazes de manter e at\u00e9 aumentar o rendimento.<\/p>\n<p>Dentro dessa flexibiliza\u00e7\u00e3o, uma das quest\u00f5es mais controversas \u00e9 a dos hor\u00e1rios ou jornadas de trabalho, que, segundo os trabalhadores, impedem o equil\u00edbrio harmonioso entre trabalho e fam\u00edlia.<\/p>\n<p>Op\u00e7\u00f5es de flexibilidade laboral<\/p>\n<p>Entendemos por flexibilidade laboral a \u201cfaculdade da empresa de modificar a sua organiza\u00e7\u00e3o atendendo a crit\u00e9rios de mercado ou a condi\u00e7\u00f5es de seus empregados\u201d, explicam os especialistas do site chileno Emprendedores.cl, que sugerem um \u201cmenu de possibilidades\u201d para tornar mais f\u00e1cil a rela\u00e7\u00e3o trabalho-fam\u00edlia:<\/p>\n<p> Jornadas de meio per\u00edodo: podem significar diminui\u00e7\u00e3o de renda para o empregado, mas s\u00e3o adequadas para quem precisa cuidar de pessoas idosas, com defici\u00eancias ou filhos em idades vulner\u00e1veis. Algumas teorias consideram que esta modalidade pode ser mais eficiente que a jornada completa, j\u00e1 que, contando com menos horas para realizar as suas fun\u00e7\u00f5es, o empregado as usa com mais efetividade, organizando melhor o uso do tempo.<br \/> Trabalho remoto: o \u201chome office\u201d e o trabalho \u00e0 dist\u00e2ncia ganham cada vez mais for\u00e7a gra\u00e7as aos avan\u00e7os tecnol\u00f3gicos, facilitando a concilia\u00e7\u00e3o entre o trabalho e a vida de fam\u00edlia.<br \/> Trabalho por objetivos: baseia-se no cumprimento de tarefas e n\u00e3o, estritamente, em preencher horas de trabalho. Cada um \u00e9 respons\u00e1vel pelos seus objetivos e estabelece o seu hor\u00e1rio dependendo da carga de trabalho que consegue absorver em cada momento.<br \/> Solu\u00e7\u00f5es para os pais: grandes empresas t\u00eam oferecido aos trabalhadores solu\u00e7\u00f5es pr\u00e1ticas focadas em sua fam\u00edlia, como creches e lugares de entretenimento para as crian\u00e7as. Trata-se de alternativas seguras para o caso de imprevistos dom\u00e9sticos ou na escola dos filhos.<\/p>\n<p>O compromisso do empregado<\/p>\n<p>Embora existam m\u00e9todos para que as empresas monitorem a gest\u00e3o do tempo e das tarefas de cada funcion\u00e1rio, a flexibiliza\u00e7\u00e3o proporciona um alto grau de compromisso por parte do trabalhador, abrindo espa\u00e7o para a sua pr\u00e1tica da honestidade e da responsabilidade.<\/p>\n<p>A l\u00f3gica \u00e9 semelhante \u00e0 que os pais de fam\u00edlia adotam com seus filhos adolescentes: quanto mais responsabilidade demonstrada, mais liberdade concedida. Os resultados s\u00e3o bons para todos.<\/p>\n<p style=\"text-align: justify;\">\u00a0<\/p>\n<p style=\"text-align: justify;\">Fonte: Aleteia<\/p>\n","protected":false},"excerpt":{"rendered":"<p>Quanto mais responsabilidade demonstrada, mais liberdade concedida A concilia\u00e7\u00e3o trabalho-fam\u00edlia n\u00e3o deixa de ser motivo de preocupa\u00e7\u00e3o tanto do empregador quanto do empregado. Esta situa\u00e7\u00e3o levou as companhias a quebrarem paradigmas enraizados na cultura empresarial e a iniciar uma lenta migra\u00e7\u00e3o para op\u00e7\u00f5es mais el\u00e1sticas, com resultados equivalentes ou at\u00e9 superiores. Ainda falta mais consci\u00eancia, [&hellip;]<\/p>\n","protected":false},"author":1,"featured_media":14878,"comment_status":"open","ping_status":"open","sticky":false,"template":"","format":"standard","meta":{"footnotes":""},"categories":[4],"tags":[],"class_list":["post-14879","post","type-post","status-publish","format-standard","has-post-thumbnail","hentry","category-cotidiano"],"_links":{"self":[{"href":"https:\/\/catolicanet.net\/wp-cnet\/wp-json\/wp\/v2\/posts\/14879","targetHints":{"allow":["GET"]}}],"collection":[{"href":"https:\/\/catolicanet.net\/wp-cnet\/wp-json\/wp\/v2\/posts"}],"about":[{"href":"https:\/\/catolicanet.net\/wp-cnet\/wp-json\/wp\/v2\/types\/post"}],"author":[{"embeddable":true,"href":"https:\/\/catolicanet.net\/wp-cnet\/wp-json\/wp\/v2\/users\/1"}],"replies":[{"embeddable":true,"href":"https:\/\/catolicanet.net\/wp-cnet\/wp-json\/wp\/v2\/comments?post=14879"}],"version-history":[{"count":1,"href":"https:\/\/catolicanet.net\/wp-cnet\/wp-json\/wp\/v2\/posts\/14879\/revisions"}],"predecessor-version":[{"id":25883,"href":"https:\/\/catolicanet.net\/wp-cnet\/wp-json\/wp\/v2\/posts\/14879\/revisions\/25883"}],"wp:featuredmedia":[{"embeddable":true,"href":"https:\/\/catolicanet.net\/wp-cnet\/wp-json\/wp\/v2\/media\/14878"}],"wp:attachment":[{"href":"https:\/\/catolicanet.net\/wp-cnet\/wp-json\/wp\/v2\/media?parent=14879"}],"wp:term":[{"taxonomy":"category","embeddable":true,"href":"https:\/\/catolicanet.net\/wp-cnet\/wp-json\/wp\/v2\/categories?post=14879"},{"taxonomy":"post_tag","embeddable":true,"href":"https:\/\/catolicanet.net\/wp-cnet\/wp-json\/wp\/v2\/tags?post=14879"}],"curies":[{"name":"wp","href":"https:\/\/api.w.org\/{rel}","templated":true}]}}