{"id":14858,"date":"2016-05-31T17:32:13","date_gmt":"2016-05-31T20:32:13","guid":{"rendered":"http:\/\/catolicanet.net\/wp-cnet\/2016\/05\/31\/africaquenia-lideres-religiosos-solucoes-politicas-urgentes-para-evitar-que-o-pais-recaia-na-violencia\/"},"modified":"2017-05-31T10:34:26","modified_gmt":"2017-05-31T13:34:26","slug":"africaquenia-lideres-religiosos-solucoes-politicas-urgentes-para-evitar-que-o-pais-recaia-na-violencia","status":"publish","type":"post","link":"https:\/\/catolicanet.net\/wp-cnet\/africaquenia-lideres-religiosos-solucoes-politicas-urgentes-para-evitar-que-o-pais-recaia-na-violencia\/","title":{"rendered":"\u00c1FRICA\/QU\u00caNIA &#8211; L\u00edderes religiosos: \u201csolu\u00e7\u00f5es pol\u00edticas urgentes para evitar que o pa\u00eds recaia na viol\u00eancia\u201d"},"content":{"rendered":"<p style=\"text-align: justify;\"><img decoding=\"async\" src=\"http:\/\/www.catolicanet.com.br\/images\/stories\/noticias\/primopiano_1791.jpg\" border=\"0\" align=\"left\" \/>Nair\u00f3bi (Ag\u00eancia Fides) &#8211; \u201cO protagonismo das duas maiores forma\u00e7\u00f5es pol\u00edticas, especialmente a disputa sobre a Comiss\u00e3o Eleitoral Independente, \u00e9 uma amea\u00e7a \u00e0 paz, \u00e0 coes\u00e3o e \u00e0 unidade dos quenianos\u201d, afirmam os l\u00edderes religiosos do Qu\u00eania em declara\u00e7\u00e3o intitulada \u201cPor amor de nosso pa\u00eds, venham e debatamos\u201d.<br \/>O documento, enviado \u00e0 Ag\u00eancia Fides, foi assinado ao final de uma reuni\u00e3o realizada no Centro de retiro das Pequenas Filhas de S\u00e3o Jos\u00e9, em Karen, da qual participaram representantes da Confer\u00eancia Episcopal do Qu\u00eania e de todas as principais confiss\u00f5es religiosas do pa\u00eds: National Council of Churches of Kenya (NCCK), National Muslim Leaders Forum (NAMLEF), Council of Imams and Preachers of Kenya (CIPK), Organization of African Instituted Churches (OAIC), Hindu Council of Kenya (HCK), Seventh Day Adventist Church (SDA) ed Evangelical Alliance of Kenya (EAK).<br \/>Segundo os l\u00edderes religiosos, a extrema polariza\u00e7\u00e3o da vida pol\u00edtica nacional em vista das elei\u00e7\u00f5es gerais de 2017, requer \u201cuma solu\u00e7\u00e3o urgente para evitar uma crise iminente, que poderia complicar as elei\u00e7\u00f5es do pr\u00f3ximo ano e deixar o pa\u00eds afundar na viol\u00eancia eleitoral\u201d.<br \/>A mensagem apresenta condol\u00eancias \u00e0s fam\u00edlias das v\u00edtimas dos incidentes ocorridos em 23 de maio durante as manifesta\u00e7\u00f5es realizadas em v\u00e1rias partes do pa\u00eds pela oposi\u00e7\u00e3o, que pediam a dissolu\u00e7\u00e3o da comiss\u00e3o eleitoral, acusada de n\u00e3o ser imparcial, mas favor\u00e1vel ao Presidente atual, Uhuru Kenyatta.<br \/>Os l\u00edderes religiosos convidam ao di\u00e1logo a fac\u00e7\u00e3o presidencial e a coaliz\u00e3o de oposi\u00e7\u00e3o (CORD, que suspendeu as manifesta\u00e7\u00f5es planejadas para maio, mas anunciou outras no in\u00edcio de junho) e recorda todos os atores pol\u00edticos que \u201co povo queniano os considerar\u00e1 respons\u00e1veis se o pa\u00eds recair na anarquia por causa de interesses pol\u00edticos irremov\u00edveis\u201d.<br \/>A mensagem se encerra reafirmando a disponibilidade dos l\u00edderes religiosos em contribuir com o di\u00e1logo e a pacifica\u00e7\u00e3o nacional.<\/p>\n<p style=\"text-align: justify;\">\u00a0<\/p>\n<p style=\"text-align: justify;\">Fonte: Ag\u00eancia Fides<\/p>\n","protected":false},"excerpt":{"rendered":"<p>Nair\u00f3bi (Ag\u00eancia Fides) &#8211; \u201cO protagonismo das duas maiores forma\u00e7\u00f5es pol\u00edticas, especialmente a disputa sobre a Comiss\u00e3o Eleitoral Independente, \u00e9 uma amea\u00e7a \u00e0 paz, \u00e0 coes\u00e3o e \u00e0 unidade dos quenianos\u201d, afirmam os l\u00edderes religiosos do Qu\u00eania em declara\u00e7\u00e3o intitulada \u201cPor amor de nosso pa\u00eds, venham e debatamos\u201d.O documento, enviado \u00e0 Ag\u00eancia Fides, foi assinado [&hellip;]<\/p>\n","protected":false},"author":1,"featured_media":14857,"comment_status":"open","ping_status":"open","sticky":false,"template":"","format":"standard","meta":{"footnotes":""},"categories":[4],"tags":[],"class_list":["post-14858","post","type-post","status-publish","format-standard","has-post-thumbnail","hentry","category-cotidiano"],"_links":{"self":[{"href":"https:\/\/catolicanet.net\/wp-cnet\/wp-json\/wp\/v2\/posts\/14858","targetHints":{"allow":["GET"]}}],"collection":[{"href":"https:\/\/catolicanet.net\/wp-cnet\/wp-json\/wp\/v2\/posts"}],"about":[{"href":"https:\/\/catolicanet.net\/wp-cnet\/wp-json\/wp\/v2\/types\/post"}],"author":[{"embeddable":true,"href":"https:\/\/catolicanet.net\/wp-cnet\/wp-json\/wp\/v2\/users\/1"}],"replies":[{"embeddable":true,"href":"https:\/\/catolicanet.net\/wp-cnet\/wp-json\/wp\/v2\/comments?post=14858"}],"version-history":[{"count":1,"href":"https:\/\/catolicanet.net\/wp-cnet\/wp-json\/wp\/v2\/posts\/14858\/revisions"}],"predecessor-version":[{"id":25887,"href":"https:\/\/catolicanet.net\/wp-cnet\/wp-json\/wp\/v2\/posts\/14858\/revisions\/25887"}],"wp:featuredmedia":[{"embeddable":true,"href":"https:\/\/catolicanet.net\/wp-cnet\/wp-json\/wp\/v2\/media\/14857"}],"wp:attachment":[{"href":"https:\/\/catolicanet.net\/wp-cnet\/wp-json\/wp\/v2\/media?parent=14858"}],"wp:term":[{"taxonomy":"category","embeddable":true,"href":"https:\/\/catolicanet.net\/wp-cnet\/wp-json\/wp\/v2\/categories?post=14858"},{"taxonomy":"post_tag","embeddable":true,"href":"https:\/\/catolicanet.net\/wp-cnet\/wp-json\/wp\/v2\/tags?post=14858"}],"curies":[{"name":"wp","href":"https:\/\/api.w.org\/{rel}","templated":true}]}}