{"id":14852,"date":"2016-05-31T17:16:48","date_gmt":"2016-05-31T20:16:48","guid":{"rendered":"http:\/\/catolicanet.net\/wp-cnet\/2016\/05\/31\/diocese-de-maraba-realiza-congresso-eucaristico\/"},"modified":"2017-05-26T16:01:54","modified_gmt":"2017-05-26T19:01:54","slug":"diocese-de-maraba-realiza-congresso-eucaristico","status":"publish","type":"post","link":"https:\/\/catolicanet.net\/wp-cnet\/diocese-de-maraba-realiza-congresso-eucaristico\/","title":{"rendered":"Diocese de Marab\u00e1 realiza Congresso Eucar\u00edstico"},"content":{"rendered":"<p style=\"text-align: justify;\"><img decoding=\"async\" src=\"http:\/\/www.catolicanet.com.br\/images\/stories\/noticias\/congresso_eucaristico.jpg\" border=\"0\" align=\"left\" \/>Evento reuniu centenas de pessoas<\/p>\n<p>Com o tema \u201cEucaristia e partilha na Amaz\u00f4nia Mission\u00e1ria\u201d e o lema \u201cEles o reconheceram no partir do p\u00e3o\u201d, a diocese de Marab\u00e1 (PA) realizou o seu primeiro Congresso Eucar\u00edstico, no dia 29 de maio, no Gin\u00e1sio da Folha. Participaram do evento centenas de pessoas, entre elas, padres, lideran\u00e7as de comunidades, pastorais, movimentos e seminaristas.<\/p>\n<p>Para o bispo de Marab\u00e1, dom Vital Corbellini, o Congresso representou \u201cum momento de gra\u00e7a e de confraterniza\u00e7\u00e3o a Deus Uno e Trino\u201d. De acordo com ele, o Congresso &#8220;reuniu a diocese de Marab\u00e1 ao redor da eucaristia&#8221;.<\/p>\n<p>O Congresso come\u00e7ou com a acolhida feita pela coordena\u00e7\u00e3o de pastoral das 29 par\u00f3quias que comp\u00f5em a diocese de Marab\u00e1. Logo ap\u00f3s, ainda no per\u00edodo da manh\u00e3, ocorreram ora\u00e7\u00f5es e reflex\u00f5es acerca do tema e o lema do evento. No decorrer da tarde, tamb\u00e9m houve apresenta\u00e7\u00f5es art\u00edsticas.<\/p>\n<p>A missa de encerramento foi presidida por dom Vital e concelebrada por padres e di\u00e1conos da diocese. Na ocasi\u00e3o, o bispo enfatizou que a Igreja particular de Marab\u00e1 passa por problemas sociais, urbanos e agr\u00e1rios, mas que, apesar disso, \u00e9 uma Igreja mission\u00e1ria, que \u201cvai em busca das pessoas, dos pobres e dos necessitados\u201d.<\/p>\n<p>Ao finalizar, dom Vital exortou para que a \u201ceucaristia seja o centro e o \u00e1pice de todas as atividades organizadas na Igreja particular de Marab\u00e1, pertencente \u00e0 regi\u00e3o da Amaz\u00f4nia\u201d. <\/p>\n<p>Fonte: CNBB<\/p>\n","protected":false},"excerpt":{"rendered":"<p>Evento reuniu centenas de pessoas Com o tema \u201cEucaristia e partilha na Amaz\u00f4nia Mission\u00e1ria\u201d e o lema \u201cEles o reconheceram no partir do p\u00e3o\u201d, a diocese de Marab\u00e1 (PA) realizou o seu primeiro Congresso Eucar\u00edstico, no dia 29 de maio, no Gin\u00e1sio da Folha. Participaram do evento centenas de pessoas, entre elas, padres, lideran\u00e7as de [&hellip;]<\/p>\n","protected":false},"author":1,"featured_media":14851,"comment_status":"open","ping_status":"open","sticky":false,"template":"","format":"standard","meta":{"footnotes":""},"categories":[7],"tags":[],"class_list":["post-14852","post","type-post","status-publish","format-standard","has-post-thumbnail","hentry","category-cnbb"],"_links":{"self":[{"href":"https:\/\/catolicanet.net\/wp-cnet\/wp-json\/wp\/v2\/posts\/14852","targetHints":{"allow":["GET"]}}],"collection":[{"href":"https:\/\/catolicanet.net\/wp-cnet\/wp-json\/wp\/v2\/posts"}],"about":[{"href":"https:\/\/catolicanet.net\/wp-cnet\/wp-json\/wp\/v2\/types\/post"}],"author":[{"embeddable":true,"href":"https:\/\/catolicanet.net\/wp-cnet\/wp-json\/wp\/v2\/users\/1"}],"replies":[{"embeddable":true,"href":"https:\/\/catolicanet.net\/wp-cnet\/wp-json\/wp\/v2\/comments?post=14852"}],"version-history":[{"count":1,"href":"https:\/\/catolicanet.net\/wp-cnet\/wp-json\/wp\/v2\/posts\/14852\/revisions"}],"predecessor-version":[{"id":23666,"href":"https:\/\/catolicanet.net\/wp-cnet\/wp-json\/wp\/v2\/posts\/14852\/revisions\/23666"}],"wp:featuredmedia":[{"embeddable":true,"href":"https:\/\/catolicanet.net\/wp-cnet\/wp-json\/wp\/v2\/media\/14851"}],"wp:attachment":[{"href":"https:\/\/catolicanet.net\/wp-cnet\/wp-json\/wp\/v2\/media?parent=14852"}],"wp:term":[{"taxonomy":"category","embeddable":true,"href":"https:\/\/catolicanet.net\/wp-cnet\/wp-json\/wp\/v2\/categories?post=14852"},{"taxonomy":"post_tag","embeddable":true,"href":"https:\/\/catolicanet.net\/wp-cnet\/wp-json\/wp\/v2\/tags?post=14852"}],"curies":[{"name":"wp","href":"https:\/\/api.w.org\/{rel}","templated":true}]}}