{"id":14844,"date":"2016-05-31T14:28:58","date_gmt":"2016-05-31T17:28:58","guid":{"rendered":"http:\/\/catolicanet.net\/wp-cnet\/2016\/05\/31\/paquistao-guardar-a-fe-desde-pequeno\/"},"modified":"2017-05-31T10:34:28","modified_gmt":"2017-05-31T13:34:28","slug":"paquistao-guardar-a-fe-desde-pequeno","status":"publish","type":"post","link":"https:\/\/catolicanet.net\/wp-cnet\/paquistao-guardar-a-fe-desde-pequeno\/","title":{"rendered":"Paquist\u00e3o: guardar a f\u00e9 desde pequeno"},"content":{"rendered":"<p style=\"text-align: justify;\"><img decoding=\"async\" src=\"http:\/\/www.catolicanet.com.br\/images\/stories\/noticias\/5d9106cd3b26b3.jpg\" border=\"0\" align=\"left\" \/>Encena\u00e7\u00e3o de textos b\u00edblicos nas escolas dominicais. Encena\u00e7\u00e3o de textos b\u00edblicos nas escolas dominicais.<\/p>\n<p>Os crist\u00e3os no Paquist\u00e3o enfrentam todos os tipos de discrimina\u00e7\u00e3o, ass\u00e9dio e opress\u00e3o. A maioria destes crist\u00e3os s\u00e3o das camadas mais pobres e humildes da sociedade e ainda enfrentam in\u00fameras dificuldades que bloqueiam seu avan\u00e7o social.<\/p>\n<p>Em geral, s\u00e3o eles que executam as tarefas mais humildes. Todos gostariam de ver seus filhos com uma vida melhor, mas as suas esperan\u00e7as s\u00e3o muitas vezes frustradas pelo fato de que os mu\u00e7ulmanos geralmente recebem um tratamento diferente, mais favor\u00e1vel, e tem melhores oportunidades, mesmo para os que possuem um mesmo n\u00edvel de educa\u00e7\u00e3o. J\u00e1 para as fam\u00edlias crist\u00e3s mais pobres, enviar os filhos para a escola envolve grandes sacrif\u00edcios financeiros. Muitas vezes as m\u00e3es e irm\u00e3s mais velhas precisam trabalhar para darem conta de pagar as taxas escolares. Muitas das fam\u00edlias t\u00eam v\u00e1rios filhos, que s\u00e3o vistos como um dom de Deus e um sinal de esperan\u00e7a para o futuro.<\/p>\n<p>Quando as crian\u00e7as crist\u00e3s s\u00e3o enviadas para uma escola estatal, n\u00e3o poucas vezes s\u00e3o postas sob press\u00e3o para renunciar a sua f\u00e9. Por conta disto, a maioria delas frequentam a escola pela primeira vez em suas pr\u00f3prias par\u00f3quias, em uma das muitas escolas de domingo. Ali eles podem crescer na f\u00e9, al\u00e9m de rezar e cantar juntos e passam a conhecer melhor a Boa Nova do Evangelho. Com grande entusiasmo, eles encenam algumas das hist\u00f3rias da B\u00edblia como espet\u00e1culos de teatro. Dessa forma, eles n\u00e3o s\u00f3 real\u00e7am a beleza das grandes festas, mas tamb\u00e9m ajudam os seus pais, que na sua maioria n\u00e3o sabem ler e, por isso, desconhecem a B\u00edblia.<\/p>\n<p>As Irm\u00e3s Paulinas, uma congrega\u00e7\u00e3o muito envolvida no apostolado da m\u00eddia, t\u00eam sido ativas no Paquist\u00e3o desde 1965 e t\u00eam produzido uma vasta gama de literatura religiosa e catequ\u00e9tica. Agora elas gostariam de produzir e adaptar os textos b\u00edblicos junto tamb\u00e9m com ora\u00e7\u00f5es curtas. A ideia \u00e9 usar este livro nas escolas dominicais e nas aulas de educa\u00e7\u00e3o religiosa das escolas cat\u00f3licas.<\/p>\n<p>&#8220;Se as crian\u00e7as ficam bem fundamentadas na sua f\u00e9, os pais t\u00eam menos medo de envi\u00e1-los para as escolas p\u00fablicas, pois assim haver\u00e1 menos perigo deles perderem a f\u00e9&#8221;, explica as irm\u00e3s. A ACN prometeu a impress\u00e3o de 5 mil exemplares deste livro.<\/p>\n<p style=\"text-align: justify;\">\u00a0<\/p>\n<p style=\"text-align: justify;\">Fonte: AIS<\/p>\n","protected":false},"excerpt":{"rendered":"<p>Encena\u00e7\u00e3o de textos b\u00edblicos nas escolas dominicais. Encena\u00e7\u00e3o de textos b\u00edblicos nas escolas dominicais. Os crist\u00e3os no Paquist\u00e3o enfrentam todos os tipos de discrimina\u00e7\u00e3o, ass\u00e9dio e opress\u00e3o. A maioria destes crist\u00e3os s\u00e3o das camadas mais pobres e humildes da sociedade e ainda enfrentam in\u00fameras dificuldades que bloqueiam seu avan\u00e7o social. Em geral, s\u00e3o eles que [&hellip;]<\/p>\n","protected":false},"author":1,"featured_media":14843,"comment_status":"open","ping_status":"open","sticky":false,"template":"","format":"standard","meta":{"footnotes":""},"categories":[4],"tags":[],"class_list":["post-14844","post","type-post","status-publish","format-standard","has-post-thumbnail","hentry","category-cotidiano"],"_links":{"self":[{"href":"https:\/\/catolicanet.net\/wp-cnet\/wp-json\/wp\/v2\/posts\/14844","targetHints":{"allow":["GET"]}}],"collection":[{"href":"https:\/\/catolicanet.net\/wp-cnet\/wp-json\/wp\/v2\/posts"}],"about":[{"href":"https:\/\/catolicanet.net\/wp-cnet\/wp-json\/wp\/v2\/types\/post"}],"author":[{"embeddable":true,"href":"https:\/\/catolicanet.net\/wp-cnet\/wp-json\/wp\/v2\/users\/1"}],"replies":[{"embeddable":true,"href":"https:\/\/catolicanet.net\/wp-cnet\/wp-json\/wp\/v2\/comments?post=14844"}],"version-history":[{"count":1,"href":"https:\/\/catolicanet.net\/wp-cnet\/wp-json\/wp\/v2\/posts\/14844\/revisions"}],"predecessor-version":[{"id":25892,"href":"https:\/\/catolicanet.net\/wp-cnet\/wp-json\/wp\/v2\/posts\/14844\/revisions\/25892"}],"wp:featuredmedia":[{"embeddable":true,"href":"https:\/\/catolicanet.net\/wp-cnet\/wp-json\/wp\/v2\/media\/14843"}],"wp:attachment":[{"href":"https:\/\/catolicanet.net\/wp-cnet\/wp-json\/wp\/v2\/media?parent=14844"}],"wp:term":[{"taxonomy":"category","embeddable":true,"href":"https:\/\/catolicanet.net\/wp-cnet\/wp-json\/wp\/v2\/categories?post=14844"},{"taxonomy":"post_tag","embeddable":true,"href":"https:\/\/catolicanet.net\/wp-cnet\/wp-json\/wp\/v2\/tags?post=14844"}],"curies":[{"name":"wp","href":"https:\/\/api.w.org\/{rel}","templated":true}]}}