{"id":1484,"date":"2012-02-07T15:52:47","date_gmt":"2012-02-07T17:52:47","guid":{"rendered":"http:\/\/catolicanet.net\/wp-cnet\/pastorais-do-campo-reunidas-para-coordenar-atuacao\/"},"modified":"2017-03-20T13:40:14","modified_gmt":"2017-03-20T16:40:14","slug":"pastorais-do-campo-reunidas-para-coordenar-atuacao","status":"publish","type":"post","link":"https:\/\/catolicanet.net\/wp-cnet\/pastorais-do-campo-reunidas-para-coordenar-atuacao\/","title":{"rendered":"Pastorais do Campo reunidas para coordenar atua\u00e7\u00e3o"},"content":{"rendered":"<p style=\"text-align: justify;\"><img decoding=\"async\" src=\"images\/stories\/campo.jpg\" border=\"0\" align=\"left\" \/>Mais de 40 lideran\u00e7as que atuam nas Pastorais do Campo: CPT (Comiss\u00e3o Pastoral da Terra), CIMI (Conselho Indigenista Mission\u00e1rio), PJR (Pastoral da Juventude Rural), Caritas, Pastoral dos Migrantes e Pastoral dos Pescadores, se reuniram no \u00faltimo final de semana, 4 e 5, na ch\u00e1cara Vicente Ca\u00f1as, em Luzi\u00e2nia (GO).<\/p>\n<p>O encontro serviu para debater sobre os desafios enfrentados pelos povos e comunidades que vivem no campo e conhecer o trabalho espec\u00edfico de cada Pastoral que atua junto a esta popula\u00e7\u00e3o, em vista de uma melhor articula\u00e7\u00e3o, fortalecimento e forma\u00e7\u00e3o.<\/p>\n<p>Foram apresentadas a situa\u00e7\u00e3o sofrida pelos pescadores artesanais com a invas\u00e3o dos seus territ\u00f3rios pela ind\u00fastria do turismo e a burocracia do Estado, que exclui as popula\u00e7\u00f5es tradicionais das pol\u00edticas p\u00fablicas.<\/p>\n<p>O integrante da Comiss\u00e3o Episcopal Pastoral para o servi\u00e7o da Caridade, Justi\u00e7a e Paz, Dom Enem\u00e9sio Lazzaris, bispo de Balsas (MA), acompanhou o encontro, juntamente com o assessor da mesma Comiss\u00e3o, Padre Nelito Dornelas.<\/p>\n<p>No encontro foi discutida ainda a conjuntura eclesial, a partir do documento da CNBB, A Igreja e a quest\u00e3o agr\u00e1ria no inicio do s\u00e9culo XXI, e abordadas das Diretrizes Gerais de A\u00e7\u00e3o Evangelizadora da Igreja no Brasil (DGAE), com assessoria do te\u00f3logo Padre Paulo Suess e do soci\u00f3logo S\u00e9rgio Sauer, para a an\u00e1lise da realidade do campo brasileiro.<\/p>\n<p>Dentre os desafios, destacou-se a situa\u00e7\u00e3o da juventude no campo. Dos 50 milh\u00f5es de jovens brasileiros, oito milh\u00f5es vivem no campo, dos quais quatro milh\u00f5es est\u00e3o no Nordeste. 2,5 milh\u00f5es de jovens ganham at\u00e9 R$\u00a0 70,00 por m\u00eas, vivendo abaixo da linha de mis\u00e9ria. H\u00e1 tamb\u00e9m a problem\u00e1tica vivida pelos povos ind\u00edgenas, que sofrem a invas\u00e3o de suas terras por megaprojetos, a expans\u00e3o do agroneg\u00f3cio e do monocultivo e a morosidade na demarca\u00e7\u00e3o das terras, o que provoca sofrimentos, conflitos e viol\u00eancia.<\/p>\n<p>O encontro foi permeado por uma profunda espiritualidade e grande consci\u00eancia eclesial, visto que estas pastorais d\u00e3o visibilidade \u00e0 presen\u00e7a da Igreja em sua dimens\u00e3o mission\u00e1ria e prof\u00e9tica junto \u00e0s popula\u00e7\u00f5es do campo &#8211; disse o Padre Nelito Dornelas ao site da CNBB.<\/p>\n<p>Ap\u00f3s a reuni\u00e3o, ficaram estabelecidas linhas de a\u00e7\u00e3o: a luta pela reforma agr\u00e1ria e a defesa dos territ\u00f3rios dos ind\u00edgenas e povos tradicionais (Constru\u00e7\u00e3o do segundo Congresso campon\u00eas-2012); enfrentamento dos megaprojetos patrocinados pelo Estado (atua\u00e7\u00e3o permanente junto ao congresso e \u00e0s popula\u00e7\u00f5es atingidas) e articula\u00e7\u00e3o das Pastorais do Campo e movimentos sociais (participa\u00e7\u00e3o na constru\u00e7\u00e3o e realiza\u00e7\u00e3o da 5\u00aa Semana Social Brasileira).<\/p>\n","protected":false},"excerpt":{"rendered":"<p>Mais de 40 lideran\u00e7as que atuam nas Pastorais do Campo: CPT (Comiss\u00e3o Pastoral da Terra), CIMI (Conselho Indigenista Mission\u00e1rio), PJR (Pastoral da Juventude Rural), Caritas, Pastoral dos Migrantes e Pastoral dos Pescadores, se reuniram no \u00faltimo final de semana, 4 e 5, na ch\u00e1cara Vicente Ca\u00f1as, em Luzi\u00e2nia (GO). O encontro serviu para debater sobre [&hellip;]<\/p>\n","protected":false},"author":1,"featured_media":1483,"comment_status":"closed","ping_status":"closed","sticky":false,"template":"","format":"standard","meta":{"footnotes":""},"categories":[3],"tags":[],"class_list":["post-1484","post","type-post","status-publish","format-standard","has-post-thumbnail","hentry","category-vaticano"],"_links":{"self":[{"href":"https:\/\/catolicanet.net\/wp-cnet\/wp-json\/wp\/v2\/posts\/1484","targetHints":{"allow":["GET"]}}],"collection":[{"href":"https:\/\/catolicanet.net\/wp-cnet\/wp-json\/wp\/v2\/posts"}],"about":[{"href":"https:\/\/catolicanet.net\/wp-cnet\/wp-json\/wp\/v2\/types\/post"}],"author":[{"embeddable":true,"href":"https:\/\/catolicanet.net\/wp-cnet\/wp-json\/wp\/v2\/users\/1"}],"replies":[{"embeddable":true,"href":"https:\/\/catolicanet.net\/wp-cnet\/wp-json\/wp\/v2\/comments?post=1484"}],"version-history":[{"count":1,"href":"https:\/\/catolicanet.net\/wp-cnet\/wp-json\/wp\/v2\/posts\/1484\/revisions"}],"predecessor-version":[{"id":6688,"href":"https:\/\/catolicanet.net\/wp-cnet\/wp-json\/wp\/v2\/posts\/1484\/revisions\/6688"}],"wp:featuredmedia":[{"embeddable":true,"href":"https:\/\/catolicanet.net\/wp-cnet\/wp-json\/wp\/v2\/media\/1483"}],"wp:attachment":[{"href":"https:\/\/catolicanet.net\/wp-cnet\/wp-json\/wp\/v2\/media?parent=1484"}],"wp:term":[{"taxonomy":"category","embeddable":true,"href":"https:\/\/catolicanet.net\/wp-cnet\/wp-json\/wp\/v2\/categories?post=1484"},{"taxonomy":"post_tag","embeddable":true,"href":"https:\/\/catolicanet.net\/wp-cnet\/wp-json\/wp\/v2\/tags?post=1484"}],"curies":[{"name":"wp","href":"https:\/\/api.w.org\/{rel}","templated":true}]}}