{"id":14838,"date":"2016-05-31T14:11:43","date_gmt":"2016-05-31T17:11:43","guid":{"rendered":"http:\/\/catolicanet.net\/wp-cnet\/2016\/05\/31\/francisco-enaltece-missao-dos-capelaes-carcerarios\/"},"modified":"2017-06-02T10:35:31","modified_gmt":"2017-06-02T13:35:31","slug":"francisco-enaltece-missao-dos-capelaes-carcerarios","status":"publish","type":"post","link":"https:\/\/catolicanet.net\/wp-cnet\/francisco-enaltece-missao-dos-capelaes-carcerarios\/","title":{"rendered":"Francisco enaltece miss\u00e3o dos capel\u00e3es carcer\u00e1rios"},"content":{"rendered":"<p style=\"text-align: justify;\"><img decoding=\"async\" src=\"http:\/\/www.catolicanet.com.br\/images\/stories\/noticias\/epa2074970_articolo.jpg\" border=\"0\" align=\"left\" \/>O Papa est\u00e1 \u201cprofundamente agradecido e pr\u00f3ximo, com a ora\u00e7\u00e3o, de quem est\u00e1 engajado na defesa da dignidade humana das pessoas encarceradas\u201d.<\/p>\n<p>\u00c9 o que assegura Francisco em mensagem enviada aos capel\u00e3es carcer\u00e1rios europeus, reunidos no Conselho da Europa, em Estrasburgo.<\/p>\n<p>O texto \u00e9 assinado pelo Cardeal Pietro Parolin, Secret\u00e1rio de Estado, e foi lida aos participantes do encontro nesta segunda-feira, (30\/05).<\/p>\n<p>Ao agradecer o CCEE (Conselho das Confer\u00eancias Episcopais Europeias) e os promotores do encontro, intitulado \u201cRadicaliza\u00e7\u00e3o dos c\u00e1rceres: uma vis\u00e3o pastoral\u201d, o Pont\u00edfice elogia os capel\u00e3es carcer\u00e1rios pelos cuidados que prestam aos detentos.<\/p>\n<p>A mensagem menciona tamb\u00e9m a Carta para a concess\u00e3o das indulg\u00eancias plen\u00e1rias, por ocasi\u00e3o do Ano Santo da Miseric\u00f3rdia.<\/p>\n<p>\u201cNas capelas dos c\u00e1rceres e cada vez que passarem pela porta de suas celas poder\u00e3o obter a indulg\u00eancia, se dirigirem seu pensamento e ora\u00e7\u00f5es ao Pai. Que este gesto possa significar para eles a passagem pela Porta Santa, porque a miseric\u00f3rdia de Deus, capaz de transformar os cora\u00e7\u00f5es, pode tamb\u00e9m transformar a deten\u00e7\u00e3o numa experi\u00eancia de liberdade\u201d, afirma o Papa.<\/p>\n<p>O debate, segundo a CCEE, est\u00e1 focado na dignifica\u00e7\u00e3o das pris\u00f5es e na consci\u00eancia da trag\u00e9dia humana e social que adv\u00e9m de toda a pr\u00e1tica criminosa.\u00a0 <\/p>\n<p>Neste sentido, o padre portugu\u00eas Duarte da Cunha, secret\u00e1rio-geral do CCEE,\u00a0 ressalta que \u201co trabalho pastoral dos capel\u00e3es parte do amor incondicional por todas as pessoas e pela sua dignidade. A condena\u00e7\u00e3o dos crimes fica para os tribunais\u201d.\u00a0 <\/p>\n<p>Miseric\u00f3rdia<\/p>\n<p>Promovido em parceria pelo CCEE, pela Miss\u00e3o Permanente da Santa S\u00e9 no Conselho da Europa e pela Comiss\u00e3o Cat\u00f3lica Internacional da Pastoral das Pris\u00f5es, o Encontro Europeu de Capel\u00e3es Carcer\u00e1rios conta, at\u00e9 quarta-feira (01\/06) com 60 representantes de 23 pa\u00edses.<\/p>\n<p>A iniciativa est\u00e1 inclu\u00edda no Ano Jubilar da Miseric\u00f3rdia, cujo programa prev\u00ea tamb\u00e9m o Jubileu dos Detentos, em 6 de novembro, quando os reclusos ter\u00e3o um encontro com o Pont\u00edfice.<\/p>\n<p>O presidente da Comiss\u00e3o Cat\u00f3lica Internacional da Pastoral das Pris\u00f5es, o escoc\u00eas Padre Brian Gowans, lembra o contexto dif\u00edcil de v\u00e1rias cadeias em todo o mundo, onde os presos vivem isolados do resto da sociedade, em espa\u00e7os superlotados: pessoas que est\u00e3o \u00f3rf\u00e3s de aten\u00e7\u00e3o e encontro e que permanecem sem respostas para as suas necessidades espirituais.<\/p>\n<p style=\"text-align: justify;\">\u00a0<\/p>\n<p style=\"text-align: justify;\">Fonte: R\u00e1dio Vaticano<\/p>\n","protected":false},"excerpt":{"rendered":"<p>O Papa est\u00e1 \u201cprofundamente agradecido e pr\u00f3ximo, com a ora\u00e7\u00e3o, de quem est\u00e1 engajado na defesa da dignidade humana das pessoas encarceradas\u201d. \u00c9 o que assegura Francisco em mensagem enviada aos capel\u00e3es carcer\u00e1rios europeus, reunidos no Conselho da Europa, em Estrasburgo. O texto \u00e9 assinado pelo Cardeal Pietro Parolin, Secret\u00e1rio de Estado, e foi lida [&hellip;]<\/p>\n","protected":false},"author":1,"featured_media":14837,"comment_status":"open","ping_status":"open","sticky":false,"template":"","format":"standard","meta":{"footnotes":""},"categories":[3],"tags":[],"class_list":["post-14838","post","type-post","status-publish","format-standard","has-post-thumbnail","hentry","category-vaticano"],"_links":{"self":[{"href":"https:\/\/catolicanet.net\/wp-cnet\/wp-json\/wp\/v2\/posts\/14838","targetHints":{"allow":["GET"]}}],"collection":[{"href":"https:\/\/catolicanet.net\/wp-cnet\/wp-json\/wp\/v2\/posts"}],"about":[{"href":"https:\/\/catolicanet.net\/wp-cnet\/wp-json\/wp\/v2\/types\/post"}],"author":[{"embeddable":true,"href":"https:\/\/catolicanet.net\/wp-cnet\/wp-json\/wp\/v2\/users\/1"}],"replies":[{"embeddable":true,"href":"https:\/\/catolicanet.net\/wp-cnet\/wp-json\/wp\/v2\/comments?post=14838"}],"version-history":[{"count":1,"href":"https:\/\/catolicanet.net\/wp-cnet\/wp-json\/wp\/v2\/posts\/14838\/revisions"}],"predecessor-version":[{"id":27962,"href":"https:\/\/catolicanet.net\/wp-cnet\/wp-json\/wp\/v2\/posts\/14838\/revisions\/27962"}],"wp:featuredmedia":[{"embeddable":true,"href":"https:\/\/catolicanet.net\/wp-cnet\/wp-json\/wp\/v2\/media\/14837"}],"wp:attachment":[{"href":"https:\/\/catolicanet.net\/wp-cnet\/wp-json\/wp\/v2\/media?parent=14838"}],"wp:term":[{"taxonomy":"category","embeddable":true,"href":"https:\/\/catolicanet.net\/wp-cnet\/wp-json\/wp\/v2\/categories?post=14838"},{"taxonomy":"post_tag","embeddable":true,"href":"https:\/\/catolicanet.net\/wp-cnet\/wp-json\/wp\/v2\/tags?post=14838"}],"curies":[{"name":"wp","href":"https:\/\/api.w.org\/{rel}","templated":true}]}}