{"id":14834,"date":"2016-05-31T14:03:54","date_gmt":"2016-05-31T17:03:54","guid":{"rendered":"http:\/\/catolicanet.net\/wp-cnet\/2016\/05\/31\/pe-spadaro-a-europa-de-francisco-inclusiva-e-em-movimento\/"},"modified":"2017-06-02T13:56:04","modified_gmt":"2017-06-02T16:56:04","slug":"pe-spadaro-a-europa-de-francisco-inclusiva-e-em-movimento","status":"publish","type":"post","link":"https:\/\/catolicanet.net\/wp-cnet\/pe-spadaro-a-europa-de-francisco-inclusiva-e-em-movimento\/","title":{"rendered":"Pe. Spadaro: a Europa de Francisco, inclusiva e em movimento"},"content":{"rendered":"<p style=\"text-align: justify;\"><img decoding=\"async\" src=\"http:\/\/www.catolicanet.com.br\/images\/stories\/noticias\/ossrom13234_articolo.jpg\" border=\"0\" align=\"left\" \/>\u201cA reflex\u00e3o sobre o processo europeu leva o Papa Francisco a lan\u00e7ar o desafio de atualizar a ideia de Europa.\u201d Essa \u00e9 uma das passagens do artigo publicado pelo diretor da Civilt\u00e0 Cattolica, Pe. Antonio Spadaro, no \u00faltimo n\u00famero da prestigiosa revista jesu\u00edta.<\/p>\n<p>No artigo, intitulado \u201cO olhar de Magellano\u201d, o religioso det\u00e9m-se sobre o sonho europeu de Francisco, \u00e0 luz do discurso pronunciado pelo Pont\u00edfice por ocasi\u00e3o do recebimento do Pr\u00eamio Carlos Magno (06\/05).<\/p>\n<p>Entrevistado pela R\u00e1dio Vaticano, Pe. Spadaro explica o que significa o \u201colhar de Magellano\u201d com o qual o Papa latino-americano olha para a Europa:<\/p>\n<p>Pe. Antonio Spadaro:- \u201cO Papa Francisco acostumou-nos a olhar para o centro a partir das periferias. Isso significa que a realidade, o cora\u00e7\u00e3o das coisas se percebe, realmente, se sente o pulsar do pr\u00f3prio sangue na circula\u00e7\u00e3o perif\u00e9rica. Vimos como o Papa Francisco iniciou suas viagens europeias come\u00e7ando por Lampedusa (ilha italiana situada no extremo-sul da Pen\u00ednsula), que foi a primeira grande viagem europeia, mais que italiana; e depois, para al\u00e9m da cronologia, prosseguiu circulando os confins da Europa: Lesbos (ilha grega), Istambul (Turquia), Sarajevo (B\u00f3snia-Herzeg\u00f3vina), e depois ir\u00e1 a Lund (Su\u00e9cia)\u2026 De certo modo, \u00e9 como se o Papa Francisco estivesse circunavegando a Europa para colher seu cora\u00e7\u00e3o profundo. O Papa Francisco esteve tamb\u00e9m em Tirana (Alb\u00e2nia), e da\u00ed foi tamb\u00e9m a Estrasburgo (Fran\u00e7a). Isso \u00e9 muito interessante: isto \u00e9, o Papa chegou ao cora\u00e7\u00e3o das institui\u00e7\u00f5es europeias olhando a partir de um pa\u00eds que ainda deve entrar na Uni\u00e3o Europeia e um pa\u00eds de maioria mu\u00e7ulmana. Por conseguinte, \u201co olhar de Magellano\u201d \u2013 que \u00e9 uma express\u00e3o de Francisco \u2013 \u00e9 um olhar que enxerga a Europa do ponto de vista de um explorador.\u201d<\/p>\n<p>RV: H\u00e1 uma renova\u00e7\u00e3o, uma atualiza\u00e7\u00e3o da ideia que a Europa tem de si mesma, que Francisco est\u00e1 propondo?<\/p>\n<p>Pe. Antonio Spadaro:- \u201cSim. O Papa Francisco disse reiteradas vezes que o tempo \u00e9 superior ao espa\u00e7o. Ent\u00e3o, sua vis\u00e3o est\u00e1 ligada ao que h\u00e1 de vir, \u00e0 supera\u00e7\u00e3o dial\u00e9tica de muros e obst\u00e1culos, supera\u00e7\u00e3o que se d\u00e1 no tempo. Para o Papa Francisco, a Europa n\u00e3o \u00e9 uma coisa, \u00e9 um processo ainda em ato no seio de um mundo muito complexo e fortemente em movimento. O Papa Francisco observou como os grandes pais da Europa, que citou em seu discurso de recebimento do Pr\u00eamio Carlos Magno, articularam um projeto iluminado que \u00e9 \u201cwork in progress\u201d, que est\u00e1 em andamento. A Europa \u00e9 tentada a querer assegurar e dominar espa\u00e7os, mais que gerar processos de inclus\u00e3o e de transforma\u00e7\u00e3o. Mas desse modo, considerando a si mesma como espa\u00e7o a ser protegido, ir\u00e1 sempre mais entrincheirar-se; ao inv\u00e9s, deve aceitar esse movimento no tempo, esse processo que torna a Europa ela mesma, aquela que sempre foi, ou seja, um processo de integra\u00e7\u00e3o de culturas, de perspectivas, de modos de vida.\u201d<\/p>\n<p>RV: Na recente entrevista ao di\u00e1rio cat\u00f3lico franc\u00eas \u201cLa Croix\u201d, na qual o Papa falou muito sobre a Europa, ressaltou que o dever do cristianismo em rela\u00e7\u00e3o \u00e0 Europa \u00e9 propriamente o servi\u00e7o. Como esse chamado pode ser hoje conjugado?<\/p>\n<p>Pe. Antonio Spadaro:- \u201cO Papa falou acerca das ra\u00edzes crist\u00e3s da Europa, mas reconhece estas ra\u00edzes num gesto: o gesto do lava-p\u00e9s. Em suma, a\u00ed se colhe o sentido profundo do cristianismo, que n\u00e3o \u00e9 a conquista do poder ou colocar-se, constituir-se num partido, porque o momento em que o crist\u00e3o se constr\u00f3i como uma parte dentro do tudo, se coloca em contraste com outros, por conseguinte, identifica um inimigo. A tarefa do cristianismo hoje n\u00e3o \u00e9 identificar seus inimigos, mas estar a servi\u00e7o dessa humanidade. O Papa recorre ao pensamento de um grande jesu\u00edta, fil\u00f3sofo e te\u00f3logo Przywara, um alem\u00e3o de origem polonesa \u2013 que citou explicitamente tanto no discurso de recebimento do Pr\u00eamio Carlos Magno, quanto na entrevista ao \u2018La Croix\u2019.<\/p>\n<p style=\"text-align: justify;\">\u00a0<\/p>\n<p style=\"text-align: justify;\">Fonte: R\u00e1dio Vaticano<\/p>\n","protected":false},"excerpt":{"rendered":"<p>\u201cA reflex\u00e3o sobre o processo europeu leva o Papa Francisco a lan\u00e7ar o desafio de atualizar a ideia de Europa.\u201d Essa \u00e9 uma das passagens do artigo publicado pelo diretor da Civilt\u00e0 Cattolica, Pe. Antonio Spadaro, no \u00faltimo n\u00famero da prestigiosa revista jesu\u00edta. No artigo, intitulado \u201cO olhar de Magellano\u201d, o religioso det\u00e9m-se sobre o [&hellip;]<\/p>\n","protected":false},"author":1,"featured_media":14833,"comment_status":"open","ping_status":"open","sticky":false,"template":"","format":"standard","meta":{"footnotes":""},"categories":[3],"tags":[],"class_list":["post-14834","post","type-post","status-publish","format-standard","has-post-thumbnail","hentry","category-vaticano"],"_links":{"self":[{"href":"https:\/\/catolicanet.net\/wp-cnet\/wp-json\/wp\/v2\/posts\/14834","targetHints":{"allow":["GET"]}}],"collection":[{"href":"https:\/\/catolicanet.net\/wp-cnet\/wp-json\/wp\/v2\/posts"}],"about":[{"href":"https:\/\/catolicanet.net\/wp-cnet\/wp-json\/wp\/v2\/types\/post"}],"author":[{"embeddable":true,"href":"https:\/\/catolicanet.net\/wp-cnet\/wp-json\/wp\/v2\/users\/1"}],"replies":[{"embeddable":true,"href":"https:\/\/catolicanet.net\/wp-cnet\/wp-json\/wp\/v2\/comments?post=14834"}],"version-history":[{"count":1,"href":"https:\/\/catolicanet.net\/wp-cnet\/wp-json\/wp\/v2\/posts\/14834\/revisions"}],"predecessor-version":[{"id":28546,"href":"https:\/\/catolicanet.net\/wp-cnet\/wp-json\/wp\/v2\/posts\/14834\/revisions\/28546"}],"wp:featuredmedia":[{"embeddable":true,"href":"https:\/\/catolicanet.net\/wp-cnet\/wp-json\/wp\/v2\/media\/14833"}],"wp:attachment":[{"href":"https:\/\/catolicanet.net\/wp-cnet\/wp-json\/wp\/v2\/media?parent=14834"}],"wp:term":[{"taxonomy":"category","embeddable":true,"href":"https:\/\/catolicanet.net\/wp-cnet\/wp-json\/wp\/v2\/categories?post=14834"},{"taxonomy":"post_tag","embeddable":true,"href":"https:\/\/catolicanet.net\/wp-cnet\/wp-json\/wp\/v2\/tags?post=14834"}],"curies":[{"name":"wp","href":"https:\/\/api.w.org\/{rel}","templated":true}]}}