{"id":14832,"date":"2016-05-31T14:00:15","date_gmt":"2016-05-31T17:00:15","guid":{"rendered":"http:\/\/catolicanet.net\/wp-cnet\/2016\/05\/31\/pergunte-ao-papa-respostas-virao-em-livro\/"},"modified":"2017-06-02T13:56:07","modified_gmt":"2017-06-02T16:56:07","slug":"pergunte-ao-papa-respostas-virao-em-livro","status":"publish","type":"post","link":"https:\/\/catolicanet.net\/wp-cnet\/pergunte-ao-papa-respostas-virao-em-livro\/","title":{"rendered":"Pergunte ao Papa: respostas vir\u00e3o em livro"},"content":{"rendered":"<p style=\"text-align: justify;\"><img decoding=\"async\" src=\"http:\/\/www.catolicanet.com.br\/images\/stories\/papas\/ansa918025_articolo.jpg\" border=\"0\" align=\"left\" \/>Ap\u00f3s a conclus\u00e3o do Congresso Mundial de Scholas Occurrentes, no domingo, a Funda\u00e7\u00e3o Pontif\u00edcia convida os jovens a escreverem suas perguntas ao Papa: a promessa \u00e9 que as respostas de Francisco para as perguntas porventura selecionadas ser\u00e3o publicadas em um livro.<\/p>\n<p>Biografia social<\/p>\n<p>\u201cNascer\u00e1 assim um verdadeiro \u2018livro social\u2019 que usa os novos meios de comunica\u00e7\u00e3o social para colocar o Papa em contato com as pessoas de qualquer lugar do planeta\u201d, l\u00ea-se no site da iniciativa, onde \u00e9 poss\u00edvel \u201cescrever ao Papa\u201d.<\/p>\n<p>O projeto \u00e9 realizado em parceria entre Scholas Occurrentes por meio de uma nova plataforma tecnol\u00f3gica e editorial.<\/p>\n<p>Schola Occurrentes \u00e9 uma Organizacao Internacional de Direito Pontif\u00edcio criada pelo Papa e dedicada aos jovens. Promove a educa\u00e7\u00e3o para a integra\u00e7\u00e3o social e a cultura do encontro em prol da paz.<\/p>\n<p style=\"text-align: justify;\">\u00a0<\/p>\n<p style=\"text-align: justify;\">Fonte: R\u00e1dio Vaticano<\/p>\n","protected":false},"excerpt":{"rendered":"<p>Ap\u00f3s a conclus\u00e3o do Congresso Mundial de Scholas Occurrentes, no domingo, a Funda\u00e7\u00e3o Pontif\u00edcia convida os jovens a escreverem suas perguntas ao Papa: a promessa \u00e9 que as respostas de Francisco para as perguntas porventura selecionadas ser\u00e3o publicadas em um livro. Biografia social \u201cNascer\u00e1 assim um verdadeiro \u2018livro social\u2019 que usa os novos meios de [&hellip;]<\/p>\n","protected":false},"author":1,"featured_media":14831,"comment_status":"open","ping_status":"open","sticky":false,"template":"","format":"standard","meta":{"footnotes":""},"categories":[3],"tags":[],"class_list":["post-14832","post","type-post","status-publish","format-standard","has-post-thumbnail","hentry","category-vaticano"],"_links":{"self":[{"href":"https:\/\/catolicanet.net\/wp-cnet\/wp-json\/wp\/v2\/posts\/14832","targetHints":{"allow":["GET"]}}],"collection":[{"href":"https:\/\/catolicanet.net\/wp-cnet\/wp-json\/wp\/v2\/posts"}],"about":[{"href":"https:\/\/catolicanet.net\/wp-cnet\/wp-json\/wp\/v2\/types\/post"}],"author":[{"embeddable":true,"href":"https:\/\/catolicanet.net\/wp-cnet\/wp-json\/wp\/v2\/users\/1"}],"replies":[{"embeddable":true,"href":"https:\/\/catolicanet.net\/wp-cnet\/wp-json\/wp\/v2\/comments?post=14832"}],"version-history":[{"count":1,"href":"https:\/\/catolicanet.net\/wp-cnet\/wp-json\/wp\/v2\/posts\/14832\/revisions"}],"predecessor-version":[{"id":28551,"href":"https:\/\/catolicanet.net\/wp-cnet\/wp-json\/wp\/v2\/posts\/14832\/revisions\/28551"}],"wp:featuredmedia":[{"embeddable":true,"href":"https:\/\/catolicanet.net\/wp-cnet\/wp-json\/wp\/v2\/media\/14831"}],"wp:attachment":[{"href":"https:\/\/catolicanet.net\/wp-cnet\/wp-json\/wp\/v2\/media?parent=14832"}],"wp:term":[{"taxonomy":"category","embeddable":true,"href":"https:\/\/catolicanet.net\/wp-cnet\/wp-json\/wp\/v2\/categories?post=14832"},{"taxonomy":"post_tag","embeddable":true,"href":"https:\/\/catolicanet.net\/wp-cnet\/wp-json\/wp\/v2\/tags?post=14832"}],"curies":[{"name":"wp","href":"https:\/\/api.w.org\/{rel}","templated":true}]}}