{"id":14818,"date":"2016-05-31T12:49:57","date_gmt":"2016-05-31T15:49:57","guid":{"rendered":"http:\/\/catolicanet.net\/wp-cnet\/2016\/05\/31\/a-oracao-na-vida-dos-misticos\/"},"modified":"2017-05-08T13:03:12","modified_gmt":"2017-05-08T16:03:12","slug":"a-oracao-na-vida-dos-misticos","status":"publish","type":"post","link":"https:\/\/catolicanet.net\/wp-cnet\/a-oracao-na-vida-dos-misticos\/","title":{"rendered":"A ora\u00e7\u00e3o na vida dos m\u00edsticos"},"content":{"rendered":"<p style=\"text-align: justify;\">Voca\u00e7\u00e3o para ser gente, para ser criatura humana, deveria ser o primeiro chamado de todo ser humano. Para que o ser humano se encontre e se realize, faz-se necess\u00e1rio perceber a import\u00e2ncia de pensar naquilo que lhe \u00e9 proposto durante a trajet\u00f3ria de sua exist\u00eancia. C\u00edcero, o maior orador romano, ao tratar da vida humana, da velhice ou da idade avan\u00e7ada, afirmou: \u201cVivi de tal forma que sinto n\u00e3o ter nascido em v\u00e3o\u201d. \u00c0 medida que a pessoa humana entende que \u00e9 necess\u00e1rio percorrer, com muita disposi\u00e7\u00e3o, o seu percurso natural, interiormente, cresce e se realiza. Encontrando-se consigo mesmo, integra-se e insere-se em uma comunidade de f\u00e9, n\u00e3o fechada, mas aberta \u00e0s promessas do nosso bom Deus.<br \/>Para as pessoas de f\u00e9, colocar na mente e no cora\u00e7\u00e3o a recompensa divina sup\u00f5e o merecimento que, frequentemente, encontramos nas palavras e a\u00e7\u00f5es de Jesus, ao falar da vida eterna como uma promessa, como uma d\u00e1diva do Pai, para os que nele professam sua f\u00e9. \u00c9 um dom que sempre mais \u00e9 preciso ser buscado, agarrando-se na for\u00e7a das palavras de Jesus: \u201cCar\u00edssimos, desde j\u00e1 somos filhos de Deus, mas nem sequer se manifestou o que seremos! Sabemos que, quando Jesus se manifestar, seremos semelhantes a ele\u201d (1 Jo 3, 1-2).<br \/>\u00c9 tarefa nossa fazer de tudo, mas de tudo mesmo, para descobrir seu valor inigual\u00e1vel, tesouro maior que podemos encontrar como aspira\u00e7\u00e3o mais profunda, porque nele est\u00e1 nossa motiva\u00e7\u00e3o e raz\u00e3o pela qual somos capazes de compreender e discernir o relativo do absoluto. Urge contar, no dom de acertar bem o passo da voca\u00e7\u00e3o, com o valor indiz\u00edvel da ora\u00e7\u00e3o, nas palavras de Francisco: \u201cEstamos todos em alerta; n\u00e3o devemos desistir da ora\u00e7\u00e3o, mesmo que n\u00e3o seja correspondida. \u00c9 a ora\u00e7\u00e3o que conserva a f\u00e9; sem ela a f\u00e9 vacila\u201d.<br \/>Quando falamos do valor da ora\u00e7\u00e3o, vem \u00e0 nossa mente a vida dos m\u00edsticos e um deles viveu entre n\u00f3s: o Servo de Deus, Dom Helder C\u00e2mara, na seguinte assertiva: \u201cA sua vida foi semelhante \u00e0 de Jesus, que tamb\u00e9m come\u00e7ou pelo triunfo e depois foi caminhando para a cruz, cada vez mais consciente de que esse seria o seu destino final nesta terra. Mas tamb\u00e9m com certeza da ressurrei\u00e7\u00e3o e da vinda da plenitude do mundo novo t\u00e3o sonhado do qual tinha sido o profeta desde o in\u00edcio\u201d (Te\u00f3logo Joseph Comblin).<br \/>Em Dom Helder vemos claro o sentido da transcend\u00eancia, na sua \u00edntima ora\u00e7\u00e3o com Deus, obtendo o combust\u00edvel para lutar por uma Igreja livre, ao dizer ao mundo, parafraseando o Papa Francisco, que \u201cum povo sem mem\u00f3ria, sem profecia e sem esperan\u00e7a\u201d est\u00e1 longe da felicidade completa, o grande sonho de Deus-Pai.<\/p>\n","protected":false},"excerpt":{"rendered":"<p>Voca\u00e7\u00e3o para ser gente, para ser criatura humana, deveria ser o primeiro chamado de todo ser humano. Para que o ser humano se encontre e se realize, faz-se necess\u00e1rio perceber a import\u00e2ncia de pensar naquilo que lhe \u00e9 proposto durante a trajet\u00f3ria de sua exist\u00eancia. C\u00edcero, o maior orador romano, ao tratar da vida humana, [&hellip;]<\/p>\n","protected":false},"author":6,"featured_media":0,"comment_status":"open","ping_status":"open","sticky":false,"template":"","format":"standard","meta":{"footnotes":""},"categories":[9],"tags":[],"class_list":["post-14818","post","type-post","status-publish","format-standard","hentry","category-artigos"],"_links":{"self":[{"href":"https:\/\/catolicanet.net\/wp-cnet\/wp-json\/wp\/v2\/posts\/14818","targetHints":{"allow":["GET"]}}],"collection":[{"href":"https:\/\/catolicanet.net\/wp-cnet\/wp-json\/wp\/v2\/posts"}],"about":[{"href":"https:\/\/catolicanet.net\/wp-cnet\/wp-json\/wp\/v2\/types\/post"}],"author":[{"embeddable":true,"href":"https:\/\/catolicanet.net\/wp-cnet\/wp-json\/wp\/v2\/users\/6"}],"replies":[{"embeddable":true,"href":"https:\/\/catolicanet.net\/wp-cnet\/wp-json\/wp\/v2\/comments?post=14818"}],"version-history":[{"count":1,"href":"https:\/\/catolicanet.net\/wp-cnet\/wp-json\/wp\/v2\/posts\/14818\/revisions"}],"predecessor-version":[{"id":21523,"href":"https:\/\/catolicanet.net\/wp-cnet\/wp-json\/wp\/v2\/posts\/14818\/revisions\/21523"}],"wp:attachment":[{"href":"https:\/\/catolicanet.net\/wp-cnet\/wp-json\/wp\/v2\/media?parent=14818"}],"wp:term":[{"taxonomy":"category","embeddable":true,"href":"https:\/\/catolicanet.net\/wp-cnet\/wp-json\/wp\/v2\/categories?post=14818"},{"taxonomy":"post_tag","embeddable":true,"href":"https:\/\/catolicanet.net\/wp-cnet\/wp-json\/wp\/v2\/tags?post=14818"}],"curies":[{"name":"wp","href":"https:\/\/api.w.org\/{rel}","templated":true}]}}