{"id":14774,"date":"2016-05-25T19:36:06","date_gmt":"2016-05-25T22:36:06","guid":{"rendered":"http:\/\/catolicanet.net\/wp-cnet\/2016\/05\/25\/americamexico-sequestro-durante-a-missa-o-bispo-denuncia-estamos-cada-vez-pior\/"},"modified":"2017-05-31T10:36:20","modified_gmt":"2017-05-31T13:36:20","slug":"americamexico-sequestro-durante-a-missa-o-bispo-denuncia-estamos-cada-vez-pior","status":"publish","type":"post","link":"https:\/\/catolicanet.net\/wp-cnet\/americamexico-sequestro-durante-a-missa-o-bispo-denuncia-estamos-cada-vez-pior\/","title":{"rendered":"AM\u00c9RICA\/M\u00c9XICO &#8211; Sequestro durante a Missa, o Bispo denuncia \u201cestamos cada vez pior\u201d"},"content":{"rendered":"<p style=\"text-align: justify;\"><img decoding=\"async\" src=\"http:\/\/catolicanet.com.br\/images\/stories\/noticias\/primopiano_1761.jpg\" border=\"0\" align=\"left\" \/>C\u00f3rdoba (Ag\u00eancia Fides) \u2013 Diante da onda de viol\u00eancia que continua a atingir Veracruz, o Bispo da diocese de C\u00f3rdoba, Dom Eduardo Pati\u00f1o Leal, n\u00e3o p\u00f4de se eximir de declarar que \u201cestamos cada vez pior\u201d. Segundo informa a nota recebida pela Fides, ele se referiu ao sequestro de um paroquiano, pai de fam\u00edlia, em plena celebra\u00e7\u00e3o eucar\u00edstica, ocorrido na igreja de Santa Rita de C\u00e1ssia, no porto de Veracruz, s\u00e1bado passado, 21 de maio, quase certamente com objetivo de extors\u00e3o.<br \/>O Bispo condenou o fato, considerando-o um ataque \u00e0 comunidade e tamb\u00e9m uma profana\u00e7\u00e3o do lugar sagrado, ato contra a dignidade de todo cidad\u00e3o, crian\u00e7a ou adulto, porque este epis\u00f3dio prejudica a sua sa\u00fade f\u00edsica e psicol\u00f3gica.<br \/>\u201cN\u00e3o \u00e9 poss\u00edvel que ocorram estes fatos; as igrejas n\u00e3o podem mais ser lugares de paz e comunh\u00e3o?\u201d disse Dom Pati\u00f1o Leal, que acrescentou: \u201cestamos cada vez pior, os fatos falam por si, ningu\u00e9m pode neg\u00e1-lo\u201d.<br \/>O Bispo de C\u00f3rdoba fez estas declara\u00e7\u00f5es em um breve encontro com a imprensa local, domingo, 22 de maio \u00e0 tarde, e reiterou: \u201cComo dissemos m\u00eas ap\u00f3s m\u00eas, h\u00e1 diversos anos, queremos a paz! Voc\u00eas do governo, controlem porque n\u00e3o h\u00e1 seguran\u00e7a, porque muitos delinquentes est\u00e3o livres&#8230; quando acontecem estas coisas, evidentemente algu\u00e9m n\u00e3o faz o pr\u00f3prio dever; podemos pensar que existe uma poss\u00edvel cumplicidade, principalmente quando as coisas acontecem em pleno dia, quando toda a popula\u00e7\u00e3o precisa de paz para o trabalho, para as empresas e para a escola\u201d.<\/p>\n<p style=\"text-align: justify;\">\u00a0<\/p>\n<p style=\"text-align: justify;\">Fonte: Ag\u00eancia Fides<\/p>\n","protected":false},"excerpt":{"rendered":"<p>C\u00f3rdoba (Ag\u00eancia Fides) \u2013 Diante da onda de viol\u00eancia que continua a atingir Veracruz, o Bispo da diocese de C\u00f3rdoba, Dom Eduardo Pati\u00f1o Leal, n\u00e3o p\u00f4de se eximir de declarar que \u201cestamos cada vez pior\u201d. Segundo informa a nota recebida pela Fides, ele se referiu ao sequestro de um paroquiano, pai de fam\u00edlia, em plena [&hellip;]<\/p>\n","protected":false},"author":1,"featured_media":0,"comment_status":"open","ping_status":"open","sticky":false,"template":"","format":"standard","meta":{"footnotes":""},"categories":[4],"tags":[],"class_list":["post-14774","post","type-post","status-publish","format-standard","hentry","category-cotidiano"],"_links":{"self":[{"href":"https:\/\/catolicanet.net\/wp-cnet\/wp-json\/wp\/v2\/posts\/14774","targetHints":{"allow":["GET"]}}],"collection":[{"href":"https:\/\/catolicanet.net\/wp-cnet\/wp-json\/wp\/v2\/posts"}],"about":[{"href":"https:\/\/catolicanet.net\/wp-cnet\/wp-json\/wp\/v2\/types\/post"}],"author":[{"embeddable":true,"href":"https:\/\/catolicanet.net\/wp-cnet\/wp-json\/wp\/v2\/users\/1"}],"replies":[{"embeddable":true,"href":"https:\/\/catolicanet.net\/wp-cnet\/wp-json\/wp\/v2\/comments?post=14774"}],"version-history":[{"count":1,"href":"https:\/\/catolicanet.net\/wp-cnet\/wp-json\/wp\/v2\/posts\/14774\/revisions"}],"predecessor-version":[{"id":25903,"href":"https:\/\/catolicanet.net\/wp-cnet\/wp-json\/wp\/v2\/posts\/14774\/revisions\/25903"}],"wp:attachment":[{"href":"https:\/\/catolicanet.net\/wp-cnet\/wp-json\/wp\/v2\/media?parent=14774"}],"wp:term":[{"taxonomy":"category","embeddable":true,"href":"https:\/\/catolicanet.net\/wp-cnet\/wp-json\/wp\/v2\/categories?post=14774"},{"taxonomy":"post_tag","embeddable":true,"href":"https:\/\/catolicanet.net\/wp-cnet\/wp-json\/wp\/v2\/tags?post=14774"}],"curies":[{"name":"wp","href":"https:\/\/api.w.org\/{rel}","templated":true}]}}