{"id":14761,"date":"2016-05-25T14:06:57","date_gmt":"2016-05-25T17:06:57","guid":{"rendered":"http:\/\/catolicanet.net\/wp-cnet\/2016\/05\/25\/afeto-trico\/"},"modified":"2017-05-31T10:36:23","modified_gmt":"2017-05-31T13:36:23","slug":"afeto-trico","status":"publish","type":"post","link":"https:\/\/catolicanet.net\/wp-cnet\/afeto-trico\/","title":{"rendered":"Afeto Tric\u00f4."},"content":{"rendered":"<p style=\"text-align: justify;\"><img decoding=\"async\" src=\"http:\/\/catolicanet.com.br\/images\/stories\/noticias\/cartaz1.jpg\" border=\"0\" align=\"left\" \/>Inspirados pela economia da cidade de Monte Si\u00e3o \u2013 Capital Nacional em Moda Tric\u00f4, os Monges da Trindade, a partir de retalhos de tric\u00f4 doados pelos empres\u00e1rios locais come\u00e7aram a confeccionar as pe\u00e7as em patchwork.<br \/>Surge a grife Afeto. A grife vai justamente ao encontro do que \u00e9 praticado diariamente pelos monges. Porque o afeto est\u00e1 ligado ao amor, a pr\u00e1tica do bem, aos momentos de ora\u00e7\u00e3o e de trabalho, tudo realizado com amor.<br \/>A grife tomou vulto nacional atrav\u00e9s da m\u00eddia, como Rede Globo, Bandeirantes, EPTV Campinas, Can\u00e7\u00e3o Nova, dentre outras, e ainda atrav\u00e9s da imprensa escrita como Estado de Minas, Jornal do Brasil, Correio do Sul e muitos mais.<br \/>Para exaltar a raridade de um produto, \u00e9 comum brincar que foi feito por monges. Vem de longe a valoriza\u00e7\u00e3o do que \u00e9 feito nos mosteiros, podemos dizer que desde a Idade M\u00e9dia na Europa. Em fun\u00e7\u00e3o da vida mon\u00e1stica, com momentos para ora\u00e7\u00e3o, leitura da B\u00edblia e uma vida de reclus\u00e3o, o tempo que sobra aos religiosos para a produ\u00e7\u00e3o artesanal \u00e9 muito valioso, o que consequentemente faz com que os produtos sejam muito requisitados pela exclusividade. \u00c9 o que ocorre com os casacos, blusas e jaquetas que est\u00e3o sendo confeccionados por monjas e monges do Mosteiro da Trindade, em Monte Si\u00e3o. As pe\u00e7as est\u00e3o se tornando artigo de luxo e s\u00e3o bastante cobi\u00e7adas.<br \/><img decoding=\"async\" src=\"http:\/\/catolicanet.com.br\/images\/stories\/noticias\/monges.jpg\" border=\"0\" align=\"right\" \/>A grife Afeto Tric\u00f4 surgiu a partir da necessidade dos Monges da Trindade em levantar recursos para a constru\u00e7\u00e3o do seu novo mosteiro. Atualmente, est\u00e3o vivendo em um local cedido pela arquidiocese de Pouso Alegre.<br \/>S\u00e3o pe\u00e7as exclusivas, feitas a m\u00e3o.<br \/>Tudo \u00e9 feito dentro do estilo de vida mon\u00e1stico, que inclui acordar \u00e0s 5h da manh\u00e3 para ora\u00e7\u00f5es, Vig\u00edlias, rezar o ter\u00e7o e trabalhar em sil\u00eancio, tudo isso faz com que cada pe\u00e7a da Afeto Tric\u00f4 se torne \u00fanica.<br \/>As pe\u00e7as criadas para o Inverno 2016 ser\u00e3o lan\u00e7adas na Feira Nacional do Tric\u00f4 (Fenat), que \u00e9 realizada anualmente em Monte Si\u00e3o. E, hoje, est\u00e3o aqui, em Franca, para este grupo seleto de convidados.<\/p>\n<p><\/p>\n","protected":false},"excerpt":{"rendered":"<p>Inspirados pela economia da cidade de Monte Si\u00e3o \u2013 Capital Nacional em Moda Tric\u00f4, os Monges da Trindade, a partir de retalhos de tric\u00f4 doados pelos empres\u00e1rios locais come\u00e7aram a confeccionar as pe\u00e7as em patchwork.Surge a grife Afeto. A grife vai justamente ao encontro do que \u00e9 praticado diariamente pelos monges. Porque o afeto est\u00e1 [&hellip;]<\/p>\n","protected":false},"author":1,"featured_media":0,"comment_status":"open","ping_status":"open","sticky":false,"template":"","format":"standard","meta":{"footnotes":""},"categories":[4],"tags":[],"class_list":["post-14761","post","type-post","status-publish","format-standard","hentry","category-cotidiano"],"_links":{"self":[{"href":"https:\/\/catolicanet.net\/wp-cnet\/wp-json\/wp\/v2\/posts\/14761","targetHints":{"allow":["GET"]}}],"collection":[{"href":"https:\/\/catolicanet.net\/wp-cnet\/wp-json\/wp\/v2\/posts"}],"about":[{"href":"https:\/\/catolicanet.net\/wp-cnet\/wp-json\/wp\/v2\/types\/post"}],"author":[{"embeddable":true,"href":"https:\/\/catolicanet.net\/wp-cnet\/wp-json\/wp\/v2\/users\/1"}],"replies":[{"embeddable":true,"href":"https:\/\/catolicanet.net\/wp-cnet\/wp-json\/wp\/v2\/comments?post=14761"}],"version-history":[{"count":1,"href":"https:\/\/catolicanet.net\/wp-cnet\/wp-json\/wp\/v2\/posts\/14761\/revisions"}],"predecessor-version":[{"id":25910,"href":"https:\/\/catolicanet.net\/wp-cnet\/wp-json\/wp\/v2\/posts\/14761\/revisions\/25910"}],"wp:attachment":[{"href":"https:\/\/catolicanet.net\/wp-cnet\/wp-json\/wp\/v2\/media?parent=14761"}],"wp:term":[{"taxonomy":"category","embeddable":true,"href":"https:\/\/catolicanet.net\/wp-cnet\/wp-json\/wp\/v2\/categories?post=14761"},{"taxonomy":"post_tag","embeddable":true,"href":"https:\/\/catolicanet.net\/wp-cnet\/wp-json\/wp\/v2\/tags?post=14761"}],"curies":[{"name":"wp","href":"https:\/\/api.w.org\/{rel}","templated":true}]}}