{"id":14759,"date":"2016-05-25T13:51:32","date_gmt":"2016-05-25T16:51:32","guid":{"rendered":"http:\/\/catolicanet.net\/wp-cnet\/2016\/05\/25\/deus-uno-e-trino\/"},"modified":"2017-05-08T13:10:12","modified_gmt":"2017-05-08T16:10:12","slug":"deus-uno-e-trino","status":"publish","type":"post","link":"https:\/\/catolicanet.net\/wp-cnet\/deus-uno-e-trino\/","title":{"rendered":"Deus Uno e Trino"},"content":{"rendered":"<p style=\"text-align: justify;\">V\u00e1rias vezes Jesus doutrinou sobre o mist\u00e9rio da Sant\u00edssima Trindade. No Evangelho desta solenidade, depois de garantir aos Ap\u00f3stolos que o Esp\u00edrito da verdade os guiaria por toda a verdade, Ele diz claramente: \u201cTudo que o Pai tem \u00e9 meu, por isso eu disse que ele (o Esp\u00edrito Santo) receber\u00e1 do que \u00e9 meu, para vo-lo anunciar\u201d (Jo 16, 12-15). \u00c9 evidente que a intelig\u00eancia humana, finita, limitada, n\u00e3o pode abarcar o mist\u00e9rio \u00edntimo de Deus, mist\u00e9rio de reciprocidade, de luz divina. Desde toda a eternidade o Pai se conhece e este conhecimento \u00e9 o Verbo eterno de Deus, o Filho, segunda pessoa da Sant\u00edssima Trindade.\u00a0 O Pai ama o Filho, o Filho ama o Pai e este amor \u00e9 tamb\u00e9m eterno, a Terceira Pessoa desta Trindade infinita. Assim sendo, o Esp\u00edrito Santo procede do Pai e do Filho. Ai est\u00e1 este mist\u00e9rio de amor que \u00e9 anterior ao mundo e aos homens. As tr\u00eas pessoas t\u00eam a mesma ess\u00eancia em uma harmonia e identidades perfeitas. Tr\u00eas Centros de Consci\u00eancia, tr\u00eas Modos de existir, tr\u00eas Hip\u00f3stases ontologicamente relacionadas e n\u00e3o apenas em plano meramente din\u00e2mico e relacional. Tr\u00edade divinal que patenteia o Pai, o Filho e o Esp\u00edrito Santo eternamente unidos no mesmo nome &#8211; Deus, no id\u00eantico poderio e\u00a0 na mesma gl\u00f3ria, numa inef\u00e1vel reciprocidade de conhecimento e afei\u00e7\u00e3o profunda. Trata-se de um mist\u00e9rio de amor, um circuito de dile\u00e7\u00e3o infind\u00e1vel. Diante das dimens\u00f5es divinas do Deus Uno e Trino o ser racional faz um ato de f\u00e9 e adora o Pai atrav\u00e9s do Filho na unidade do Esp\u00edrito Santo. Penetra assim nas profundezes do Ser Supremo e se enche de esperan\u00e7a porque este Deus, que \u00e9 amor, o ama e \u00e9 seu destino ap\u00f3s a trajet\u00f3ria terrena.\u00a0 Sa\u00edmos de Deus e um dia, a Ele voltaremos. Esta foi a grande revela\u00e7\u00e3o de Cristo. A\u00ed est\u00e1 o n\u00facleo mesmo da religi\u00e3o. Eis porque a Trindade \u00e9 o dogma central de nossa vida. \u00c9 nossa beatitude que est\u00e1 em jogo quando professamos o mist\u00e9rio trinit\u00e1rio. Sem este a religiosidade se desarraiga e perde sua profundidade e sua for\u00e7a salut\u00edfera. Este dogma deve polarizar a vida do crist\u00e3o e o colocar numa ascens\u00e3o cont\u00ednua para n\u00e3o perder o rumo que o levar\u00e1 para junto da Trindade Santa. Trata-se viver nesta terra a experi\u00eancia filial todos os dias, guardando o cora\u00e7\u00e3o aberto ao mist\u00e9rio de um Deus que \u00e9 maior do que tudo e quer dar a todos a vida em abund\u00e2ncia. Deste modo, se percebe que tamb\u00e9m o mist\u00e9rio da Sant\u00edssima Trindade n\u00e3o \u00e9 algo misterioso, obscuro, uma nuvem, mas, sim, um brilho t\u00e3o intenso que o ser humano n\u00e3o pode captar inteiramente. \u00c9 preciso, isto sim, se deixar prender pelo amor trinit\u00e1rio que vibra no interior de Deus com reflexos sublimes na exist\u00eancia de quem cr\u00ea e vive esta verdade. \u00c9 que o amor eterno de Deus se difunde nos cora\u00e7\u00f5es pelo Esp\u00edrito Santo que nos \u00e9 dado. Pelo Filho o homem tem acesso ao mundo da gra\u00e7a e a certeza de ter parte na gl\u00f3ria divina. Somos filhos adotivos unidos ao Filho \u00fanico e imersos no amor que \u00e9 o Esp\u00edrito Santo. Apenas este Esp\u00edrito de amor pode conduzir os homens para uma vida plena. Toda trag\u00e9dia humana se cifra no fato de n\u00e3o se deixar envolver por este Esp\u00edrito de amor recebido de Deus, n\u00e3o somente nas rela\u00e7\u00f5es com o pr\u00f3ximo, no gr\u00eamio das fam\u00edlias e das comunidades, mas tamb\u00e9m nas realidades pol\u00edticas, econ\u00f4micas e sociais deste mundo. Para isto cada crist\u00e3o precisa viver em fun\u00e7\u00e3o do mist\u00e9rio trinit\u00e1rio, pois tem Deus dentro de si mesmo, segundo as palavras de Jesus: \u201cSe algu\u00e9m me ama, meu Pai o amar\u00e1, viremos a ele e faremos nele nossa morada\u201d. Desta maneira \u00e9 que cada um se torna o profeta do amor divino. N\u00e3o ser\u00e3o nunca os tecnocratas, os pol\u00edticos que oferecer\u00e3o a paz e a felicidade ao mundo. As situa\u00e7\u00f5es dram\u00e1ticas na qual vivem milh\u00f5es de seres humanos n\u00e3o devem ser para n\u00f3s simples not\u00edcias das quais nos informamos com curiosidade e at\u00e9 com muita tristeza, mas devem levar a que cada um de n\u00f3s a acender neste mundo o fogo do amor de Deus que est\u00e1 dentro de si. O bem \u00e9 de si difusivo e se cremos em Deus Uno e Trino temos o mundo nas m\u00e3os. O crist\u00e3o tem o poder da prece para que o Esp\u00edrito de Deus inunde o universo. Ent\u00e3o se compreende a determina\u00e7\u00e3o de Cristo: \u201cSede perfeitos como o Pai celeste \u00e9 perfeito\u201d, o que vai se tornando poss\u00edvel sob o influxo do Esp\u00edrito Santo. Deste modo, Deus ser\u00e1, de fato,\u00a0 tudo em todos. * Professor no Semin\u00e1rio de Mariana durante 40 anos.<\/p>\n","protected":false},"excerpt":{"rendered":"<p>V\u00e1rias vezes Jesus doutrinou sobre o mist\u00e9rio da Sant\u00edssima Trindade. No Evangelho desta solenidade, depois de garantir aos Ap\u00f3stolos que o Esp\u00edrito da verdade os guiaria por toda a verdade, Ele diz claramente: \u201cTudo que o Pai tem \u00e9 meu, por isso eu disse que ele (o Esp\u00edrito Santo) receber\u00e1 do que \u00e9 meu, para [&hellip;]<\/p>\n","protected":false},"author":7,"featured_media":0,"comment_status":"open","ping_status":"open","sticky":false,"template":"","format":"standard","meta":{"footnotes":""},"categories":[9],"tags":[],"class_list":["post-14759","post","type-post","status-publish","format-standard","hentry","category-artigos"],"_links":{"self":[{"href":"https:\/\/catolicanet.net\/wp-cnet\/wp-json\/wp\/v2\/posts\/14759","targetHints":{"allow":["GET"]}}],"collection":[{"href":"https:\/\/catolicanet.net\/wp-cnet\/wp-json\/wp\/v2\/posts"}],"about":[{"href":"https:\/\/catolicanet.net\/wp-cnet\/wp-json\/wp\/v2\/types\/post"}],"author":[{"embeddable":true,"href":"https:\/\/catolicanet.net\/wp-cnet\/wp-json\/wp\/v2\/users\/7"}],"replies":[{"embeddable":true,"href":"https:\/\/catolicanet.net\/wp-cnet\/wp-json\/wp\/v2\/comments?post=14759"}],"version-history":[{"count":1,"href":"https:\/\/catolicanet.net\/wp-cnet\/wp-json\/wp\/v2\/posts\/14759\/revisions"}],"predecessor-version":[{"id":21534,"href":"https:\/\/catolicanet.net\/wp-cnet\/wp-json\/wp\/v2\/posts\/14759\/revisions\/21534"}],"wp:attachment":[{"href":"https:\/\/catolicanet.net\/wp-cnet\/wp-json\/wp\/v2\/media?parent=14759"}],"wp:term":[{"taxonomy":"category","embeddable":true,"href":"https:\/\/catolicanet.net\/wp-cnet\/wp-json\/wp\/v2\/categories?post=14759"},{"taxonomy":"post_tag","embeddable":true,"href":"https:\/\/catolicanet.net\/wp-cnet\/wp-json\/wp\/v2\/tags?post=14759"}],"curies":[{"name":"wp","href":"https:\/\/api.w.org\/{rel}","templated":true}]}}