{"id":14725,"date":"2016-05-24T13:17:42","date_gmt":"2016-05-24T16:17:42","guid":{"rendered":"http:\/\/catolicanet.net\/wp-cnet\/2016\/05\/24\/missionarios-da-consolata-elegem-nova-direcao-no-brasil\/"},"modified":"2017-06-02T11:18:59","modified_gmt":"2017-06-02T14:18:59","slug":"missionarios-da-consolata-elegem-nova-direcao-no-brasil","status":"publish","type":"post","link":"https:\/\/catolicanet.net\/wp-cnet\/missionarios-da-consolata-elegem-nova-direcao-no-brasil\/","title":{"rendered":"Mission\u00e1rios da Consolata elegem nova dire\u00e7\u00e3o no Brasil"},"content":{"rendered":"<p style=\"text-align: justify;\"><img decoding=\"async\" src=\"http:\/\/catolicanet.com.br\/images\/stories\/noticias\/reuters1399207_articolo.jpg\" border=\"0\" align=\"left\" \/>Os mission\u00e1rios da Consolata que atuam no Brasil se reuniram em Assembleia para avaliar suas atividades e eleger a nova dire\u00e7\u00e3o para os pr\u00f3ximos tr\u00eas anos. Realizado na casa regional da congrega\u00e7\u00e3o, na zona Norte de S\u00e3o Paulo, de 16 a 21 de maio, o encontro reuniu mais de 50 padres e seminaristas que trabalham nos estados do Paran\u00e1, Rio de Janeiro, Bahia, S\u00e3o Paulo e no Distrito Federal.<\/p>\n<p>Em visita can\u00f4nica ao Brasil, o superior Geral do Instituto Miss\u00f5es Consolata (IMC), Padre Stefano Camerlengo, acompanhou os trabalhos e insistiu na revitaliza\u00e7\u00e3o e reestrutura\u00e7\u00e3o da Congrega\u00e7\u00e3o.<\/p>\n<p>\u201cEssa revitaliza\u00e7\u00e3o visa qualificar a miss\u00e3o, valorizar os mission\u00e1rios e descentralizar a Congrega\u00e7\u00e3o por meio de uma organiza\u00e7\u00e3o continental\u201d.<\/p>\n<p>Padre Stefano visitou todas as comunidades IMC, conversou com os mission\u00e1rios, e ao defender a identidade e o carisma, questionou sobre as presen\u00e7as e atividades de evangeliza\u00e7\u00e3o.\u00a0 <\/p>\n<p>Para iluminar os trabalhos da Assembleia houve uma reflex\u00e3o sobre a \u201cMiss\u00e3o e Coopera\u00e7\u00e3o mission\u00e1ria\u201d, tendo como base o documento de estudo da CNBB sobre o tema. (Doc. Estudo 108). A reflex\u00e3o contou com a assessoria do secret\u00e1rio da Pontif\u00edcia Uni\u00e3o Mission\u00e1ria, Padre Jaime Carlos Patias, IMC.<\/p>\n<p>Elei\u00e7\u00e3o da nova Dire\u00e7\u00e3o<\/p>\n<p>No dia 19, a Assembleia elegeu o Padre Aquil\u00e9o Fiorentini como novo superior Provincial do IMC no Brasil. Natural do Rio Grande do Sul, Padre Aquil\u00e9o cursou teologia em Roma e trabalhou em Mo\u00e7ambique. Fez parte da Dire\u00e7\u00e3o Geral em Roma por 12 anos: seis como conselheiro e seis como superior. Foram eleitos tamb\u00e9m como conselheiros, os padres L\u00edrio Girardi (vice superior), Jaime Carlos Patias, Stephen Murungi e Paulo Mz\u00e9.<\/p>\n<p>Al\u00e9m de fundar, em 1901, a Congrega\u00e7\u00e3o dos mission\u00e1rios da Consolata com padres e irm\u00e3os, o Bem-aventurado Jos\u00e9 Allamano fundou, em 1910, as Irm\u00e3s mission\u00e1rias da Consolata. Juntas, as duas congrega\u00e7\u00f5es est\u00e3o presentes em 26 pa\u00edses da \u00c1frica, \u00c1sia, Europa e Am\u00e9rica. No Brasil atuam 51 padres, um Irm\u00e3o, quatro di\u00e1conos, tr\u00eas bispos e 16 seminaristas professos. O trabalho se desenvolve em 11 par\u00f3quias, tr\u00eas semin\u00e1rios e tr\u00eas centros de anima\u00e7\u00e3o mission\u00e1ria.<\/p>\n<p>Presen\u00e7a feminina<\/p>\n<p>A superiora Regional das Irm\u00e3s da Consolata no Brasil, Irm\u00e3 Anair Voltolini, tamb\u00e9m esteve na Assembleia e partilhou o caminho de revitaliza\u00e7\u00e3o que elas realizam desde 2011. \u201cO objetivo \u00e9 dar mais qualidade de vida e melhor responder aos atuais desafios da miss\u00e3o\u201d, explicou a religiosa. Na congrega\u00e7\u00e3o, cerca de 70 irm\u00e3s brasileiras trabalham al\u00e9m-fronteiras.<\/p>\n<p>Quem s\u00e3o<\/p>\n<p>Os mission\u00e1rios da Consolata no mundo somam hoje, mais de mil membros e as mission\u00e1rias cerca de 600. Uma das miss\u00f5es mais ousadas \u00e9 a presen\u00e7a, h\u00e1 50 anos, entre os ind\u00edgenas Yanomami na Amaz\u00f4nia brasileira. Na \u00c1sia, chama a aten\u00e7\u00e3o o trabalho na Mong\u00f3lia e em Taiwan, na porta da China. Na \u00c1frica, as miss\u00f5es Consolata se desenvolvem em 10 pa\u00edses.<\/p>\n<p>A Assembleia concluiu com uma missa em a\u00e7\u00e3o de gra\u00e7as pelo jubileu dos padres que, este ano, completam 50 anos de ordena\u00e7\u00e3o (Adriano Prado, L\u00edrio Girardi e Jo\u00e3o Monteiro da Fel\u00edcia), 25 anos de ordena\u00e7\u00e3o (Olivando Lima) e 50 anos de profiss\u00e3o religiosa (Sabino Mariga). Para festejar, a par\u00f3quia Nossa Senhora Consolata ofereceu um almo\u00e7o de confraterniza\u00e7\u00e3o.<\/p>\n<p>Acesse o site da revista Miss\u00f5es<\/p>\n<p style=\"text-align: justify;\">\u00a0<\/p>\n<p style=\"text-align: justify;\">Fonte: R\u00e1dio Vaticano<\/p>\n","protected":false},"excerpt":{"rendered":"<p>Os mission\u00e1rios da Consolata que atuam no Brasil se reuniram em Assembleia para avaliar suas atividades e eleger a nova dire\u00e7\u00e3o para os pr\u00f3ximos tr\u00eas anos. Realizado na casa regional da congrega\u00e7\u00e3o, na zona Norte de S\u00e3o Paulo, de 16 a 21 de maio, o encontro reuniu mais de 50 padres e seminaristas que trabalham [&hellip;]<\/p>\n","protected":false},"author":1,"featured_media":0,"comment_status":"open","ping_status":"open","sticky":false,"template":"","format":"standard","meta":{"footnotes":""},"categories":[3],"tags":[],"class_list":["post-14725","post","type-post","status-publish","format-standard","hentry","category-vaticano"],"_links":{"self":[{"href":"https:\/\/catolicanet.net\/wp-cnet\/wp-json\/wp\/v2\/posts\/14725","targetHints":{"allow":["GET"]}}],"collection":[{"href":"https:\/\/catolicanet.net\/wp-cnet\/wp-json\/wp\/v2\/posts"}],"about":[{"href":"https:\/\/catolicanet.net\/wp-cnet\/wp-json\/wp\/v2\/types\/post"}],"author":[{"embeddable":true,"href":"https:\/\/catolicanet.net\/wp-cnet\/wp-json\/wp\/v2\/users\/1"}],"replies":[{"embeddable":true,"href":"https:\/\/catolicanet.net\/wp-cnet\/wp-json\/wp\/v2\/comments?post=14725"}],"version-history":[{"count":1,"href":"https:\/\/catolicanet.net\/wp-cnet\/wp-json\/wp\/v2\/posts\/14725\/revisions"}],"predecessor-version":[{"id":28146,"href":"https:\/\/catolicanet.net\/wp-cnet\/wp-json\/wp\/v2\/posts\/14725\/revisions\/28146"}],"wp:attachment":[{"href":"https:\/\/catolicanet.net\/wp-cnet\/wp-json\/wp\/v2\/media?parent=14725"}],"wp:term":[{"taxonomy":"category","embeddable":true,"href":"https:\/\/catolicanet.net\/wp-cnet\/wp-json\/wp\/v2\/categories?post=14725"},{"taxonomy":"post_tag","embeddable":true,"href":"https:\/\/catolicanet.net\/wp-cnet\/wp-json\/wp\/v2\/tags?post=14725"}],"curies":[{"name":"wp","href":"https:\/\/api.w.org\/{rel}","templated":true}]}}