{"id":14721,"date":"2016-05-24T12:53:17","date_gmt":"2016-05-24T15:53:17","guid":{"rendered":"http:\/\/catolicanet.net\/wp-cnet\/2016\/05\/24\/bispo-de-salgueiro-recebe-imagem-de-nossa-senhora-aparecida\/"},"modified":"2017-05-26T16:03:18","modified_gmt":"2017-05-26T19:03:18","slug":"bispo-de-salgueiro-recebe-imagem-de-nossa-senhora-aparecida","status":"publish","type":"post","link":"https:\/\/catolicanet.net\/wp-cnet\/bispo-de-salgueiro-recebe-imagem-de-nossa-senhora-aparecida\/","title":{"rendered":"Bispo de Salgueiro recebe imagem de Nossa Senhora Aparecida"},"content":{"rendered":"<p style=\"text-align: justify;\"><img decoding=\"async\" src=\"http:\/\/catolicanet.com.br\/images\/stories\/noticias\/salgueiro.jpg\" border=\"0\" align=\"left\" \/>Missa solene foi realizada na Bas\u00edlica do Santu\u00e1rio Nacional<\/p>\n<p>Em missa solene, o bispo de Salgueiro (PE), dom Magnus Henrique, recebeu a r\u00e9plica da imagem de Nossa Senhora da Concei\u00e7\u00e3o Aparecida, na Bas\u00edlica do Santu\u00e1rio Nacional de Aparecida, em S\u00e3o Paulo, no dia 19 de maio.<\/p>\n<p>Participaram da celebra\u00e7\u00e3o o clero diocesano que se encontrava em retiro no local, desde o \u00faltimo dia 16.\u00a0 A imagem de Nossa Senhora chegar\u00e1 \u00e0 diocese de Salgueiro e ser\u00e1 coroada no dia 31, na missa das 19h, na Catedral de Santo Ant\u00f4nio.<\/p>\n<p>A imagem permanecer\u00e1 na diocese por um ano. Durante este per\u00edodo, visitar\u00e1 todas as 21 par\u00f3quias e quatro \u00e1reas pastorais que comp\u00f5em o territ\u00f3rio diocesano, como parte dos festejos pelo Jubileu dos 300 anos do encontro da imagem nas \u00e1guas do Rio Para\u00edba em 1717, em S\u00e3o Paulo. <br \/>Com informa\u00e7\u00f5es e foto da diocese de Salgueiro<\/p>\n<p style=\"text-align: justify;\">\u00a0<\/p>\n<p style=\"text-align: justify;\">Fonte: CNBB<\/p>\n","protected":false},"excerpt":{"rendered":"<p>Missa solene foi realizada na Bas\u00edlica do Santu\u00e1rio Nacional Em missa solene, o bispo de Salgueiro (PE), dom Magnus Henrique, recebeu a r\u00e9plica da imagem de Nossa Senhora da Concei\u00e7\u00e3o Aparecida, na Bas\u00edlica do Santu\u00e1rio Nacional de Aparecida, em S\u00e3o Paulo, no dia 19 de maio. Participaram da celebra\u00e7\u00e3o o clero diocesano que se encontrava [&hellip;]<\/p>\n","protected":false},"author":1,"featured_media":0,"comment_status":"open","ping_status":"open","sticky":false,"template":"","format":"standard","meta":{"footnotes":""},"categories":[7],"tags":[],"class_list":["post-14721","post","type-post","status-publish","format-standard","hentry","category-cnbb"],"_links":{"self":[{"href":"https:\/\/catolicanet.net\/wp-cnet\/wp-json\/wp\/v2\/posts\/14721","targetHints":{"allow":["GET"]}}],"collection":[{"href":"https:\/\/catolicanet.net\/wp-cnet\/wp-json\/wp\/v2\/posts"}],"about":[{"href":"https:\/\/catolicanet.net\/wp-cnet\/wp-json\/wp\/v2\/types\/post"}],"author":[{"embeddable":true,"href":"https:\/\/catolicanet.net\/wp-cnet\/wp-json\/wp\/v2\/users\/1"}],"replies":[{"embeddable":true,"href":"https:\/\/catolicanet.net\/wp-cnet\/wp-json\/wp\/v2\/comments?post=14721"}],"version-history":[{"count":1,"href":"https:\/\/catolicanet.net\/wp-cnet\/wp-json\/wp\/v2\/posts\/14721\/revisions"}],"predecessor-version":[{"id":23681,"href":"https:\/\/catolicanet.net\/wp-cnet\/wp-json\/wp\/v2\/posts\/14721\/revisions\/23681"}],"wp:attachment":[{"href":"https:\/\/catolicanet.net\/wp-cnet\/wp-json\/wp\/v2\/media?parent=14721"}],"wp:term":[{"taxonomy":"category","embeddable":true,"href":"https:\/\/catolicanet.net\/wp-cnet\/wp-json\/wp\/v2\/categories?post=14721"},{"taxonomy":"post_tag","embeddable":true,"href":"https:\/\/catolicanet.net\/wp-cnet\/wp-json\/wp\/v2\/tags?post=14721"}],"curies":[{"name":"wp","href":"https:\/\/api.w.org\/{rel}","templated":true}]}}