{"id":14720,"date":"2016-05-24T12:50:39","date_gmt":"2016-05-24T15:50:39","guid":{"rendered":"http:\/\/catolicanet.net\/wp-cnet\/2016\/05\/24\/inscricoes-para-medalha-sao-paulo-apostolo-2016-prosseguem-ate-30-de-junho\/"},"modified":"2017-05-26T16:03:18","modified_gmt":"2017-05-26T19:03:18","slug":"inscricoes-para-medalha-sao-paulo-apostolo-2016-prosseguem-ate-30-de-junho","status":"publish","type":"post","link":"https:\/\/catolicanet.net\/wp-cnet\/inscricoes-para-medalha-sao-paulo-apostolo-2016-prosseguem-ate-30-de-junho\/","title":{"rendered":"Inscri\u00e7\u00f5es para Medalha S\u00e3o Paulo Ap\u00f3stolo 2016 prosseguem at\u00e9 30 de junho"},"content":{"rendered":"<p style=\"text-align: justify;\"><img decoding=\"async\" src=\"http:\/\/catolicanet.com.br\/images\/stories\/noticias\/medalha.jpg\" border=\"0\" align=\"left\" \/>Entrega do pr\u00eamio ocorrer\u00e1 no dia 1\u00ba de setembro<\/p>\n<p>Com objetivo de valorizar, estimular e dinamizar a vida eclesial e pastoral, a arquidiocese de S\u00e3o Paulo (SP) instituiu a Medalha S\u00e3o Paulo Ap\u00f3stolo.<\/p>\n<p>A medalha ser\u00e1 concedida a pessoas que se destacam nas seguintes dimens\u00f5es da vida eclesial e pastoral: testemunho laical; servi\u00e7o sacerdotal; a\u00e7\u00e3o caritativa e de promo\u00e7\u00e3o humana; a\u00e7\u00e3o mission\u00e1ria; inova\u00e7\u00e3o na metodologia pastoral; educa\u00e7\u00e3o crist\u00e3; defesa e promo\u00e7\u00e3o da vida e da dignidade humanas.<\/p>\n<p>As entidades e institui\u00e7\u00f5es tamb\u00e9m receber\u00e3o a premia\u00e7\u00e3o pelo testemunho crist\u00e3o nas seguintes \u00e1reas: cultura; comunica\u00e7\u00e3o e servi\u00e7o social.<\/p>\n<p>As inscri\u00e7\u00f5es devem ser feitas at\u00e9 30 de junho. A rela\u00e7\u00e3o dos dez contemplados com a Medalha em 2016 ser\u00e1 divulgada no dia 5 de agosto. J\u00e1 a entrega ocorrer\u00e1 em 1\u00ba de setembro.<\/p>\n<p>Confira o edital da Medalha S\u00e3o Paulo Ap\u00f3stolo<\/p>\n<p>A primeira edi\u00e7\u00e3o do pr\u00eamio ocorreu em 2015, dentro das comemora\u00e7\u00f5es dos 270 anos de cria\u00e7\u00e3o da diocese de S\u00e3o Paulo.<\/p>\n<p>No decreto de institui\u00e7\u00e3o da Medalha, o arcebispo de S\u00e3o Paulo, cardeal Odilo Pedro Scherer, ressaltou que \u201ctodos os batizados foram constitu\u00eddos como povo de Deus e s\u00e3o participantes do m\u00fanus sacerdotal, prof\u00e9tico e r\u00e9gio do pr\u00f3prio Cristo\u201d. Acrescentou, ainda, que a homenagem tamb\u00e9m \u00e9 um \u201cincentivo para que flores\u00e7a mais abundantemente a vida eclesial e pastoral nesta cidade imensa\u201d.<\/p>\n<p>A Medalha traz a ef\u00edgie do ap\u00f3stolo S\u00e3o Paulo, patrono da arquidiocese, e a vista frontal da catedral metropolitana de S\u00e3o Paulo. <\/p>\n<p>Informa\u00e7\u00f5es e inscri\u00e7\u00f5es: www.arquisp.org.br<\/p>\n<p>\u00daltimas not\u00edcias<\/p>\n<p> Iniciativa recorda os 40 anos da CPT<br \/> \u201cOu\u00e7amos o pranto das v\u00edtimas e daqueles que sofrem&#8221;, pede papa Francisco<br \/> Bispo escreve mensagem por ocasi\u00e3o do Dia Nacional dos Ciganos<br \/> Construir pontes e n\u00e3o atalhos<br \/> Sant\u00edssima Trindade<\/p>\n<p>Artigos dos Bispos<\/p>\n<p> Construir pontes e n\u00e3o atalhos<br \/> Sant\u00edssima Trindade<br \/> Feira da Caridade na arquidiocese de Juiz de Fora<br \/> A Sant\u00edssima Trindade<\/p>\n<p style=\"text-align: justify;\">Fonte: CNBB<\/p>\n","protected":false},"excerpt":{"rendered":"<p>Entrega do pr\u00eamio ocorrer\u00e1 no dia 1\u00ba de setembro Com objetivo de valorizar, estimular e dinamizar a vida eclesial e pastoral, a arquidiocese de S\u00e3o Paulo (SP) instituiu a Medalha S\u00e3o Paulo Ap\u00f3stolo. A medalha ser\u00e1 concedida a pessoas que se destacam nas seguintes dimens\u00f5es da vida eclesial e pastoral: testemunho laical; servi\u00e7o sacerdotal; a\u00e7\u00e3o [&hellip;]<\/p>\n","protected":false},"author":1,"featured_media":0,"comment_status":"open","ping_status":"open","sticky":false,"template":"","format":"standard","meta":{"footnotes":""},"categories":[7],"tags":[],"class_list":["post-14720","post","type-post","status-publish","format-standard","hentry","category-cnbb"],"_links":{"self":[{"href":"https:\/\/catolicanet.net\/wp-cnet\/wp-json\/wp\/v2\/posts\/14720","targetHints":{"allow":["GET"]}}],"collection":[{"href":"https:\/\/catolicanet.net\/wp-cnet\/wp-json\/wp\/v2\/posts"}],"about":[{"href":"https:\/\/catolicanet.net\/wp-cnet\/wp-json\/wp\/v2\/types\/post"}],"author":[{"embeddable":true,"href":"https:\/\/catolicanet.net\/wp-cnet\/wp-json\/wp\/v2\/users\/1"}],"replies":[{"embeddable":true,"href":"https:\/\/catolicanet.net\/wp-cnet\/wp-json\/wp\/v2\/comments?post=14720"}],"version-history":[{"count":1,"href":"https:\/\/catolicanet.net\/wp-cnet\/wp-json\/wp\/v2\/posts\/14720\/revisions"}],"predecessor-version":[{"id":23682,"href":"https:\/\/catolicanet.net\/wp-cnet\/wp-json\/wp\/v2\/posts\/14720\/revisions\/23682"}],"wp:attachment":[{"href":"https:\/\/catolicanet.net\/wp-cnet\/wp-json\/wp\/v2\/media?parent=14720"}],"wp:term":[{"taxonomy":"category","embeddable":true,"href":"https:\/\/catolicanet.net\/wp-cnet\/wp-json\/wp\/v2\/categories?post=14720"},{"taxonomy":"post_tag","embeddable":true,"href":"https:\/\/catolicanet.net\/wp-cnet\/wp-json\/wp\/v2\/tags?post=14720"}],"curies":[{"name":"wp","href":"https:\/\/api.w.org\/{rel}","templated":true}]}}