{"id":14692,"date":"2016-05-23T13:34:46","date_gmt":"2016-05-23T16:34:46","guid":{"rendered":"http:\/\/catolicanet.net\/wp-cnet\/2016\/05\/23\/istambul-onu-inaugura-conferencia-humanitaria-mundial\/"},"modified":"2017-06-02T11:02:20","modified_gmt":"2017-06-02T14:02:20","slug":"istambul-onu-inaugura-conferencia-humanitaria-mundial","status":"publish","type":"post","link":"https:\/\/catolicanet.net\/wp-cnet\/istambul-onu-inaugura-conferencia-humanitaria-mundial\/","title":{"rendered":"Istambul: ONU inaugura Confer\u00eancia Humanit\u00e1ria Mundial"},"content":{"rendered":"<p style=\"text-align: justify;\"><img decoding=\"async\" src=\"http:\/\/catolicanet.com.br\/images\/stories\/noticias\/ap3454089_articolo.jpg\" border=\"0\" align=\"left\" \/>Tem in\u00edcio esta segunda-feira, (23\/05), em Istambul, na Turquia, a Confer\u00eancia Humanit\u00e1ria Mundial \u2013 a primeira nos 70 anos de hist\u00f3ria das Na\u00e7\u00f5es Unidas.<\/p>\n<p>A confer\u00eancia re\u00fane l\u00edderes mundiais para estudar medidas com a finalidade de prevenir e reduzir o sofrimento humano causado por conflitos, problemas ambientais e pobreza extrema.<\/p>\n<p>De Istambul, o diretor para o setor privado e filantropia do Programa das Na\u00e7\u00f5es Unidas para o Desenvolvimento, Pnud, Marcos Athias Neto, falou \u00e0 R\u00e1dio ONU sobre sua expectativa para a Confer\u00eancia.<\/p>\n<p>&#8220;Eu acho que a grande contribui\u00e7\u00e3o da Confer\u00eancia \u00e9 reunir 6 mil pessoas de todos os setores da sociedade para come\u00e7ar um debate. Essa Confer\u00eancia n\u00e3o foi criada para produzir um acordo internacional. Ela foi criada de uma maneira org\u00e2nica incluindo todos os setores, sociedade civil, empresas, filantropia, ONU, governos para que se possa come\u00e7ar a rever o sistema mundial humanit\u00e1rio&#8221;.<\/p>\n<p>Migrantes<\/p>\n<p>Marcos Athias Neto deu como exemplo a situa\u00e7\u00e3o dos refugiados \u2013 o que, para ele, demonstra que o sistema atual &#8220;precisa aproximar a ajuda humanit\u00e1ria dos processos de desenvolvimento a longo prazo&#8221;.<\/p>\n<p>&#8220;A m\u00e9dia de tempo que uma pessoa fica como refugiado s\u00e3o 17 anos. Em 17 anos, voc\u00ea n\u00e3o precisa s\u00f3 de ajuda humanit\u00e1ria, voc\u00ea precisa de desenvolvimento. Uma das grandes discuss\u00f5es mais importantes da Confer\u00eancia \u00e9 esse processo de buscar uma rela\u00e7\u00e3o nova entre ajuda humanit\u00e1ria e desenvolvimento que mantenha o respeito aos princ\u00edpios humanit\u00e1rios, os princ\u00edpios essenciais de salvar vidas durante emerg\u00eancias, mas possa aproximar os processos de curto prazo com os processos de longo prazo de desenvolvimento&#8221;.<\/p>\n<p>Delega\u00e7\u00e3o vaticana<\/p>\n<p>A Santa S\u00e9 tamb\u00e9m participa da Confer\u00eancia, com a presen\u00e7a do Secret\u00e1rio de Estado, Cardeal Pietro Parolin. Tamb\u00e9m est\u00e3o presentes em Istambul entidades da Igreja Cat\u00f3lica, como a Caritas Internacional, e enviados da R\u00e1dio Vaticano. No Angelus do \u00faltimo domingo, o Papa pediu ora\u00e7\u00f5es pelos participantes:<\/p>\n<p>\u201cVamos acompanhar com a ora\u00e7\u00e3o os participantes deste encontro, para que eles se empenhem a fundo a realizar o objetivo humanit\u00e1rio principal: salvar a vida de cada ser humano, sem exce\u00e7\u00e3o, especialmente os inocentes e os mais indefesos&#8221;.<\/p>\n<p style=\"text-align: justify;\">\u00a0<\/p>\n<p style=\"text-align: justify;\">Fonte: R\u00e1dio Vaticano<\/p>\n","protected":false},"excerpt":{"rendered":"<p>Tem in\u00edcio esta segunda-feira, (23\/05), em Istambul, na Turquia, a Confer\u00eancia Humanit\u00e1ria Mundial \u2013 a primeira nos 70 anos de hist\u00f3ria das Na\u00e7\u00f5es Unidas. A confer\u00eancia re\u00fane l\u00edderes mundiais para estudar medidas com a finalidade de prevenir e reduzir o sofrimento humano causado por conflitos, problemas ambientais e pobreza extrema. De Istambul, o diretor para [&hellip;]<\/p>\n","protected":false},"author":1,"featured_media":0,"comment_status":"open","ping_status":"open","sticky":false,"template":"","format":"standard","meta":{"footnotes":""},"categories":[3],"tags":[],"class_list":["post-14692","post","type-post","status-publish","format-standard","hentry","category-vaticano"],"_links":{"self":[{"href":"https:\/\/catolicanet.net\/wp-cnet\/wp-json\/wp\/v2\/posts\/14692","targetHints":{"allow":["GET"]}}],"collection":[{"href":"https:\/\/catolicanet.net\/wp-cnet\/wp-json\/wp\/v2\/posts"}],"about":[{"href":"https:\/\/catolicanet.net\/wp-cnet\/wp-json\/wp\/v2\/types\/post"}],"author":[{"embeddable":true,"href":"https:\/\/catolicanet.net\/wp-cnet\/wp-json\/wp\/v2\/users\/1"}],"replies":[{"embeddable":true,"href":"https:\/\/catolicanet.net\/wp-cnet\/wp-json\/wp\/v2\/comments?post=14692"}],"version-history":[{"count":1,"href":"https:\/\/catolicanet.net\/wp-cnet\/wp-json\/wp\/v2\/posts\/14692\/revisions"}],"predecessor-version":[{"id":28048,"href":"https:\/\/catolicanet.net\/wp-cnet\/wp-json\/wp\/v2\/posts\/14692\/revisions\/28048"}],"wp:attachment":[{"href":"https:\/\/catolicanet.net\/wp-cnet\/wp-json\/wp\/v2\/media?parent=14692"}],"wp:term":[{"taxonomy":"category","embeddable":true,"href":"https:\/\/catolicanet.net\/wp-cnet\/wp-json\/wp\/v2\/categories?post=14692"},{"taxonomy":"post_tag","embeddable":true,"href":"https:\/\/catolicanet.net\/wp-cnet\/wp-json\/wp\/v2\/tags?post=14692"}],"curies":[{"name":"wp","href":"https:\/\/api.w.org\/{rel}","templated":true}]}}