{"id":14683,"date":"2016-05-23T12:40:13","date_gmt":"2016-05-23T15:40:13","guid":{"rendered":"http:\/\/catolicanet.net\/wp-cnet\/2016\/05\/23\/aparecida-sp-acolhe-8o-peregrinacao-e-6o-simposio-nacional-da-familia\/"},"modified":"2017-05-26T16:03:20","modified_gmt":"2017-05-26T19:03:20","slug":"aparecida-sp-acolhe-8o-peregrinacao-e-6o-simposio-nacional-da-familia","status":"publish","type":"post","link":"https:\/\/catolicanet.net\/wp-cnet\/aparecida-sp-acolhe-8o-peregrinacao-e-6o-simposio-nacional-da-familia\/","title":{"rendered":"Aparecida (SP) acolhe 8\u00aa Peregrina\u00e7\u00e3o e 6\u00ba Simp\u00f3sio Nacional da Fam\u00edlia"},"content":{"rendered":"<p style=\"text-align: justify;\"><img decoding=\"async\" src=\"http:\/\/catolicanet.com.br\/images\/stories\/noticias\/simposio.jpg\" border=\"0\" align=\"left\" \/>S\u00e3o esperados mais de 600 agentes da Pastoral Familiar <\/p>\n<p> Neste final de semana, dias 21 e 22 de maio, acontecer\u00e3o, em Aparecida (SP), a 8\u00aa Peregrina\u00e7\u00e3o e 6\u00ba Simp\u00f3sio Nacional da Fam\u00edlia. Com o tema &#8220;Fam\u00edlia e Miseric\u00f3rdia: se encontram no cora\u00e7\u00e3o da M\u00e3e&#8221;, os eventos s\u00e3o organizados pela Comiss\u00e3o Episcopal Pastoral para a Vida e a Fam\u00edlia da Confer\u00eancia Nacional dos Bispos do Brasil (CNBB) e a Comiss\u00e3o Nacional da Pastoral Familiar (CNPF). <\/p>\n<p>\u201cA Peregrina\u00e7\u00e3o e o Simp\u00f3sio s\u00e3o os nossos grandes momentos de celebra\u00e7\u00e3o na casa da M\u00e3e Aparecida. Pois \u00e9 na casa da m\u00e3e que se encontram os filhos\u201d, motiva o bispo de Osasco (SP) e presidente da Comiss\u00e3o Episcopal Pastoral para a Vida e a Fam\u00edlia da CNBB, dom Jo\u00e3o Bosco Barbosa de Sousa.<\/p>\n<p>Hoje, o 6\u00ba Simp\u00f3sio come\u00e7a com recep\u00e7\u00e3o e credenciamento dos peregrinos no Centro de Eventos Padre Vitor Coelho de Almeida, ao lado da Pra\u00e7a de Alimenta\u00e7\u00e3o do Santu\u00e1rio Nacional.<\/p>\n<p>No per\u00edodo da manh\u00e3, ocorre confer\u00eancia sobre &#8220;O amor na Fam\u00edlia &#8211; uma compreens\u00e3o da situa\u00e7\u00e3o de fam\u00edlias feridas e fragilizadas e do acompanhamento pastoral\u201d, ministrada pelo arcebispo de Florian\u00f3polis (SC), dom Wilson Tadeu J\u00f6nck.<\/p>\n<p>Durante o Simp\u00f3sio diferentes assuntos ser\u00e3o debatidos, com presen\u00e7a de especialistas, bispos, padres e casais. J\u00e1 \u00e0 tarde, a programa\u00e7\u00e3o contar\u00e1 com testemunhos de casais e anima\u00e7\u00e3o musical, com show. A prociss\u00e3o luminosa marca o encerramento do Simp\u00f3sio e o in\u00edcio da Peregrina\u00e7\u00e3o da Fam\u00edlia, com missa \u00e0s 18h, na Bas\u00edlica Nacional. <\/p>\n<p>\u201cSer\u00e1 bonito ver as romarias do Brasil, caravanas, movimento e associa\u00e7\u00f5es, casais chegando para rezamos juntos e pedirmos para Ela, esse rosto da miseric\u00f3rdia que \u00e9 Seu filho a todas as nossas fam\u00edlias\u201d, deseja dom Bosco. <\/p>\n<p>Confira a programa\u00e7\u00e3o completa e participe! Esperamos por voc\u00ea.<\/p>\n<p>Simp\u00f3sio no s\u00e1bado<\/p>\n<p>8h00 &#8211; Recep\u00e7\u00e3o<\/p>\n<p>9h00 \u2013 Palavras de Acolhida.<\/p>\n<p>9h30 \u2013 Confer\u00eancia: A vida nascente pede Miseric\u00f3rdia \u2013 A promo\u00e7\u00e3o e defesa da vida no contexto s\u00f3cio-pol\u00edtico atual. \u2013 Padre H\u00e9lio Luciano. (45 min.)<\/p>\n<p>10h25 \u2013 Confer\u00eancia: &#8220;O Amor na Fam\u00edlia&#8221; \u2013 A alegria a ser comunicada. (45 min.) &#8211; Dom Jo\u00e3o Bosco Barbosa<\/p>\n<p>11h20 &#8211; Confer\u00eancia: &#8220;O amor na Fam\u00edlia&#8221; (Cap. IV e VIII) \u2013 Uma compreens\u00e3o da situa\u00e7\u00e3o de fam\u00edlias feridas e fragilizadas e do acompanhamento pastoral. Dom Wilson Tadeu J\u00f6nck.<\/p>\n<p>12h05 \u2013 Ora\u00e7\u00e3o do \u00c2ngelus.<\/p>\n<p>13h30 \u2013 Anima\u00e7\u00e3o.<\/p>\n<p>14h00 \u2013 Mesa Redonda.<\/p>\n<p>1\u00b0 Partilha: Projeto CEPJ \u2013 Curso de Acompanhamento de adolescentes e jovens para pais e agentes de pastoral. Padre Assessor da Comiss\u00e3o Nacional da Pastoral Juvenil. (20 min.)<\/p>\n<p>2a Partilha: Quem errou pede miseric\u00f3rdia &#8211; Projeto Raquel \u2013 Um abra\u00e7o da Miseric\u00f3rdia diante da experi\u00eancia do aborto. Leiga instrutora do Projeto. (20 min.)<\/p>\n<p>3a Partilha: A vida pede a Miseric\u00f3rdia do Acolhimento e da Prote\u00e7\u00e3o \u2013 Casa M\u00e3e de Guadalupe. Leiga promotora do Projeto. (20 min.)<\/p>\n<p>16h00 \u2013 Santo Ter\u00e7o na Bas\u00edlica transmitido pela TV Aparecida.<\/p>\n<p>18h00 \u2013 Santa Missa de abertura da Peregrina\u00e7\u00e3o.<\/p>\n<p>19h00 \u2013 Prociss\u00e3o luminosa \u2013 Nossa Fam\u00edlia caminha com Maria, M\u00e3e da Miseric\u00f3rdia!<\/p>\n<p>Missas da Peregrina\u00e7\u00e3o no domingo<\/p>\n<p>8h00: Santa Missa \u2013 Presidente: Dom Jo\u00e3o Bosco Barbosa de Sousa \u2013 Presidente da Comiss\u00e3o da CEPVF CNBB<\/p>\n<p>10h00: Santa Missa \u2013 Presidente: Dom Wilson Tadeu J\u00f6nck \u2013 membro da CEPVF da CNBB.<\/p>\n<p><\/p>\n<p style=\"text-align: justify;\">Fonte: CNBB<\/p>\n","protected":false},"excerpt":{"rendered":"<p>S\u00e3o esperados mais de 600 agentes da Pastoral Familiar Neste final de semana, dias 21 e 22 de maio, acontecer\u00e3o, em Aparecida (SP), a 8\u00aa Peregrina\u00e7\u00e3o e 6\u00ba Simp\u00f3sio Nacional da Fam\u00edlia. Com o tema &#8220;Fam\u00edlia e Miseric\u00f3rdia: se encontram no cora\u00e7\u00e3o da M\u00e3e&#8221;, os eventos s\u00e3o organizados pela Comiss\u00e3o Episcopal Pastoral para a Vida [&hellip;]<\/p>\n","protected":false},"author":1,"featured_media":0,"comment_status":"open","ping_status":"open","sticky":false,"template":"","format":"standard","meta":{"footnotes":""},"categories":[7],"tags":[],"class_list":["post-14683","post","type-post","status-publish","format-standard","hentry","category-cnbb"],"_links":{"self":[{"href":"https:\/\/catolicanet.net\/wp-cnet\/wp-json\/wp\/v2\/posts\/14683","targetHints":{"allow":["GET"]}}],"collection":[{"href":"https:\/\/catolicanet.net\/wp-cnet\/wp-json\/wp\/v2\/posts"}],"about":[{"href":"https:\/\/catolicanet.net\/wp-cnet\/wp-json\/wp\/v2\/types\/post"}],"author":[{"embeddable":true,"href":"https:\/\/catolicanet.net\/wp-cnet\/wp-json\/wp\/v2\/users\/1"}],"replies":[{"embeddable":true,"href":"https:\/\/catolicanet.net\/wp-cnet\/wp-json\/wp\/v2\/comments?post=14683"}],"version-history":[{"count":1,"href":"https:\/\/catolicanet.net\/wp-cnet\/wp-json\/wp\/v2\/posts\/14683\/revisions"}],"predecessor-version":[{"id":23690,"href":"https:\/\/catolicanet.net\/wp-cnet\/wp-json\/wp\/v2\/posts\/14683\/revisions\/23690"}],"wp:attachment":[{"href":"https:\/\/catolicanet.net\/wp-cnet\/wp-json\/wp\/v2\/media?parent=14683"}],"wp:term":[{"taxonomy":"category","embeddable":true,"href":"https:\/\/catolicanet.net\/wp-cnet\/wp-json\/wp\/v2\/categories?post=14683"},{"taxonomy":"post_tag","embeddable":true,"href":"https:\/\/catolicanet.net\/wp-cnet\/wp-json\/wp\/v2\/tags?post=14683"}],"curies":[{"name":"wp","href":"https:\/\/api.w.org\/{rel}","templated":true}]}}