{"id":14682,"date":"2016-05-23T12:35:33","date_gmt":"2016-05-23T15:35:33","guid":{"rendered":"http:\/\/catolicanet.net\/wp-cnet\/2016\/05\/23\/senhor-eu-nao-sou-digno\/"},"modified":"2017-05-08T13:12:41","modified_gmt":"2017-05-08T16:12:41","slug":"senhor-eu-nao-sou-digno","status":"publish","type":"post","link":"https:\/\/catolicanet.net\/wp-cnet\/senhor-eu-nao-sou-digno\/","title":{"rendered":"Senhor, eu n\u00e3o sou digno&#8230;"},"content":{"rendered":"<p style=\"text-align: justify;\">O Tema do nono domingo do Tempo Comum \u00e9 a f\u00e9 e a universalidade da salva\u00e7\u00e3o.<br \/>O trecho do primeiro livro dos Reis(cf. 1Rs 8,41-43) \u00e9 a resposta \u00e0 quest\u00e3o posta imediatamente depois do ex\u00edlio da Babil\u00f4nia, quando do retorno dos deportados \u00e0 terra de Israel. Os que voltam do ex\u00edlio encontram na terra um povo \u201cmesclado\u201d. A pergunta \u00e9: que atitude adotar quanto aos estrangeiros que habitavam a terra? Pode-se admitir na sinagoga todos os que o desejam? Se algum estrangeiro se aproxima do Templo e busca o Deus de Israel, \u00e9 porque reconhece a sua grandeza. Deus n\u00e3o rejeitaria a sua ora\u00e7\u00e3o, pois Ele acolhe a todos. Se Deus assim procede, conv\u00e9m n\u00e3o fechar as portas a quem quer que seja.<br \/>O texto de S\u00e3o Lucas(Lc 7,1-10), situado na primeira parte de evangelho, em que a quest\u00e3o \u00e9 a identidade de Jesus, vai para a mesma dire\u00e7\u00e3o. A men\u00e7\u00e3o de Cafarnaum j\u00e1 \u00e9 importante, pois, simbolicamente, esta cidade, \u00e0s margens do lago de Genesar\u00e9, abre a mensagem de Jesus aos pag\u00e3os, em face de Nazar\u00e9, cidade de Jesus. O centuri\u00e3o, chefe de cem soldados, \u00e9 um pag\u00e3o. A s\u00faplica do centuri\u00e3o a Jesus \u00e9 por um servo seu, que ele estimava muito. Para o centuri\u00e3o, o valor essencial parece ser a vida do seu servo. Estando a servi\u00e7o do imp\u00e9rio romano, ele \u00e9 considerado impuro. Mas ele mesmo n\u00e3o se diz impuro pois isso \u00e9 um conceito judaico-religioso: ele diz ser indigno: \u201cEu n\u00e3o sou digno de que entres sob o meu teto\u201d. Ele conhece as normas dos judeus quanto \u00e0 pureza, por isso n\u00e3o vai pessoalmente ter com Jesus, mas envia anci\u00e3os judeus para intercederem por ele junto a Jesus. Diz-se indigno e reconhece a autoridade de Jesus. O Senhor acolhe a todos e toma a iniciativa de querer ir \u00e0 casa do centuri\u00e3o. No entanto, o chefe pede que Jesus simplesmente d\u00ea uma ordem, pois \u00e9 o poder da palavra que importa. A f\u00e9 do centuri\u00e3o causa uma profunda admira\u00e7\u00e3o em Jesus. A f\u00e9 do pag\u00e3o ultrapassa a que \u00e9 manifestada em Israel. A constata\u00e7\u00e3o da cura revela o poder vivificante e eficaz da palavra do Senhor.<\/p>\n","protected":false},"excerpt":{"rendered":"<p>O Tema do nono domingo do Tempo Comum \u00e9 a f\u00e9 e a universalidade da salva\u00e7\u00e3o.O trecho do primeiro livro dos Reis(cf. 1Rs 8,41-43) \u00e9 a resposta \u00e0 quest\u00e3o posta imediatamente depois do ex\u00edlio da Babil\u00f4nia, quando do retorno dos deportados \u00e0 terra de Israel. Os que voltam do ex\u00edlio encontram na terra um povo [&hellip;]<\/p>\n","protected":false},"author":10,"featured_media":0,"comment_status":"open","ping_status":"open","sticky":false,"template":"","format":"standard","meta":{"footnotes":""},"categories":[9],"tags":[],"class_list":["post-14682","post","type-post","status-publish","format-standard","hentry","category-artigos"],"_links":{"self":[{"href":"https:\/\/catolicanet.net\/wp-cnet\/wp-json\/wp\/v2\/posts\/14682","targetHints":{"allow":["GET"]}}],"collection":[{"href":"https:\/\/catolicanet.net\/wp-cnet\/wp-json\/wp\/v2\/posts"}],"about":[{"href":"https:\/\/catolicanet.net\/wp-cnet\/wp-json\/wp\/v2\/types\/post"}],"author":[{"embeddable":true,"href":"https:\/\/catolicanet.net\/wp-cnet\/wp-json\/wp\/v2\/users\/10"}],"replies":[{"embeddable":true,"href":"https:\/\/catolicanet.net\/wp-cnet\/wp-json\/wp\/v2\/comments?post=14682"}],"version-history":[{"count":1,"href":"https:\/\/catolicanet.net\/wp-cnet\/wp-json\/wp\/v2\/posts\/14682\/revisions"}],"predecessor-version":[{"id":21538,"href":"https:\/\/catolicanet.net\/wp-cnet\/wp-json\/wp\/v2\/posts\/14682\/revisions\/21538"}],"wp:attachment":[{"href":"https:\/\/catolicanet.net\/wp-cnet\/wp-json\/wp\/v2\/media?parent=14682"}],"wp:term":[{"taxonomy":"category","embeddable":true,"href":"https:\/\/catolicanet.net\/wp-cnet\/wp-json\/wp\/v2\/categories?post=14682"},{"taxonomy":"post_tag","embeddable":true,"href":"https:\/\/catolicanet.net\/wp-cnet\/wp-json\/wp\/v2\/tags?post=14682"}],"curies":[{"name":"wp","href":"https:\/\/api.w.org\/{rel}","templated":true}]}}