{"id":14680,"date":"2016-05-23T12:31:02","date_gmt":"2016-05-23T15:31:02","guid":{"rendered":"http:\/\/catolicanet.net\/wp-cnet\/2016\/05\/23\/o-alimento-imperecivel\/"},"modified":"2017-05-08T13:14:03","modified_gmt":"2017-05-08T16:14:03","slug":"o-alimento-imperecivel","status":"publish","type":"post","link":"https:\/\/catolicanet.net\/wp-cnet\/o-alimento-imperecivel\/","title":{"rendered":"O alimento imperec\u00edvel"},"content":{"rendered":"<p style=\"text-align: justify;\">Sem alimentos morreremos todos. Essa terr\u00edvel situa\u00e7\u00e3o tem levado muitos dos nossos governantes a se preocuparem com o futuro de seus povos. Alguns investem em tecnologia de produ\u00e7\u00e3o, pesquisas de novos meios de alimenta\u00e7\u00e3o, estudos sobre cultivos marinhos ou descoberta de novas fontes de prote\u00ednas. Outros, mais pr\u00e1ticos e objetivos, querem a redu\u00e7\u00e3o de bocas fam\u00e9licas, no verdadeiro sentido dessa pr\u00e1tica. Dai o incentivo ao aborto, \u00e0 eutan\u00e1sia, a esteriliza\u00e7\u00e3o em massa de povos carentes, o controle populacional com a limita\u00e7\u00e3o de filhos por fam\u00edlia, a morte aos inativos \u2013 que se d\u00e1 de forma s\u00fatil, mas real, em pa\u00edses totalit\u00e1rios. Outros torcem por uma guerra mundial, na qual s\u00f3 os fortes e mais desenvolvidos tecnologicamente h\u00e3o de sobreviver. Reduzindo bocas, o banquete h\u00e1 de satisfazer a todos. <br \/> Essa \u00e9 a preocupa\u00e7\u00e3o, n\u00e3o dos que passam fome, mas dos que possuem mesa farta. Est\u00f4magos saciados, mas cora\u00e7\u00f5es vazios. A quest\u00e3o n\u00e3o \u00e9 e nunca ser\u00e1 uma vis\u00e3o de caos advindo de uma superpopula\u00e7\u00e3o global, mas ego\u00edsmo puro e simples dos acomodados, acostumados com suas mesas fartas e seu desperd\u00edcio de recursos, que se faz de maneira exorbitante e irrespons\u00e1vel em pa\u00edses comandados pelas bolsas de valores, n\u00e3o pelos valores prim\u00e1rios da conviv\u00eancia humana. Falta-nos a pr\u00e1tica da partilha, da solidariedade, da corresponsabilidade na gest\u00e3o dos bens comuns. Em especial, a partilha do alimento que nos sacia a fome.<br \/> N\u00e3o pense s\u00f3 no trivial, no arroz e feij\u00e3o, mas num alimento muito mais consistente e substancial. Quando nos dermos conta da preciosidade desse alimento, a fome deixar\u00e1 de existir. E nunca ser\u00e1 uma amea\u00e7a para o mundo. Quando saborearmos com mais ansiedade esse man\u00e1 misterioso, que desceu do c\u00e9u e \u201cd\u00e1 vida ao mundo\u201d, todas as demais formas de alimento perder\u00e3o import\u00e2ncia em nossas vidas. \u201cMois\u00e9s n\u00e3o deu para voc\u00eas o p\u00e3o que veio do c\u00e9u. \u00c9 o meu Pai quem d\u00e1 para voc\u00eas o verdadeiro p\u00e3o que vem do c\u00e9u, porque o p\u00e3o de Deus \u00e9 aquele que desce do c\u00e9u e d\u00e1 vida ao mundo\u201d (Jo 5, 32-33). Esse \u00e9 o alimento, o cordeiro posto \u00e0 mesa para dele nos servirmos. Quem assim valoriza o p\u00e3o eucar\u00edstico, dele extrair\u00e1 as for\u00e7as necess\u00e1rias para vencer todo e qualquer deserto existencial. Ao contr\u00e1rio do p\u00e3o de cada dia, o p\u00e3o-vivo que Cristo nos d\u00e1 n\u00e3o nos faltar\u00e1 jamais. Ele mesmo nos diz: \u201cEstarei convosco todos os dias, at\u00e9 a consuma\u00e7\u00e3o dos s\u00e9culos\u201d. Sua presen\u00e7a f\u00edsica e real \u00e9 o mist\u00e9rio eucar\u00edstico. Jesus n\u00e3o disse: Este p\u00e3o \u201crepresenta\u201d o meu corpo, este sangue, idem. Mas foi claro e taxativo; Este p\u00e3o \u00e9&#8230;; este vinho \u00e9&#8230; E conclui: Quem comer de minha carne e beber de meu sangue ter\u00e1 a vida eterna.<br \/> Os caminhos alternativos n\u00e3o oferecem tamanhas garantias. Nosso trabalho nos concede privil\u00e9gios e direitos, dentre eles o de se alimentar de maneira digna, ao menos suficientemente para renova\u00e7\u00e3o de for\u00e7as e continuidade do trabalho. Um c\u00edrculo vicioso, cuja \u00fanica garantia \u00e9 nossa sobreviv\u00eancia. Mas apenas isso? Jesus aponta outra vis\u00e3o, um ponto de vista de maior coer\u00eancia. Diz Ele: \u201cN\u00e3o trabalhem pelo alimento que se estraga; trabalhem pelo alimento que dura para a vida eterna. E este alimento que o Filho do Homem dar\u00e1 a voc\u00eas\u201d (Jo 5,270). Quem busca outro significado para suas vidas, sen\u00e3o aquele da luta cotidiana, dos sonhos inalcan\u00e7\u00e1veis, das frustra\u00e7\u00f5es profissionais, das desilus\u00f5es amorosas, de tantos e tantos conflitos existenciais, eis a chave do mist\u00e9rio: busque o alimento espiritual. Porque desse, unicamente desse, \u00e9 que obtemos for\u00e7as para prosseguir<\/p>\n","protected":false},"excerpt":{"rendered":"<p>Sem alimentos morreremos todos. Essa terr\u00edvel situa\u00e7\u00e3o tem levado muitos dos nossos governantes a se preocuparem com o futuro de seus povos. Alguns investem em tecnologia de produ\u00e7\u00e3o, pesquisas de novos meios de alimenta\u00e7\u00e3o, estudos sobre cultivos marinhos ou descoberta de novas fontes de prote\u00ednas. Outros, mais pr\u00e1ticos e objetivos, querem a redu\u00e7\u00e3o de bocas [&hellip;]<\/p>\n","protected":false},"author":17,"featured_media":0,"comment_status":"open","ping_status":"open","sticky":false,"template":"","format":"standard","meta":{"footnotes":""},"categories":[9],"tags":[],"class_list":["post-14680","post","type-post","status-publish","format-standard","hentry","category-artigos"],"_links":{"self":[{"href":"https:\/\/catolicanet.net\/wp-cnet\/wp-json\/wp\/v2\/posts\/14680","targetHints":{"allow":["GET"]}}],"collection":[{"href":"https:\/\/catolicanet.net\/wp-cnet\/wp-json\/wp\/v2\/posts"}],"about":[{"href":"https:\/\/catolicanet.net\/wp-cnet\/wp-json\/wp\/v2\/types\/post"}],"author":[{"embeddable":true,"href":"https:\/\/catolicanet.net\/wp-cnet\/wp-json\/wp\/v2\/users\/17"}],"replies":[{"embeddable":true,"href":"https:\/\/catolicanet.net\/wp-cnet\/wp-json\/wp\/v2\/comments?post=14680"}],"version-history":[{"count":1,"href":"https:\/\/catolicanet.net\/wp-cnet\/wp-json\/wp\/v2\/posts\/14680\/revisions"}],"predecessor-version":[{"id":21540,"href":"https:\/\/catolicanet.net\/wp-cnet\/wp-json\/wp\/v2\/posts\/14680\/revisions\/21540"}],"wp:attachment":[{"href":"https:\/\/catolicanet.net\/wp-cnet\/wp-json\/wp\/v2\/media?parent=14680"}],"wp:term":[{"taxonomy":"category","embeddable":true,"href":"https:\/\/catolicanet.net\/wp-cnet\/wp-json\/wp\/v2\/categories?post=14680"},{"taxonomy":"post_tag","embeddable":true,"href":"https:\/\/catolicanet.net\/wp-cnet\/wp-json\/wp\/v2\/tags?post=14680"}],"curies":[{"name":"wp","href":"https:\/\/api.w.org\/{rel}","templated":true}]}}