{"id":14678,"date":"2016-05-24T03:00:00","date_gmt":"2016-05-24T06:00:00","guid":{"rendered":"http:\/\/catolicanet.net\/wp-cnet\/2016\/05\/24\/eucaristia-alimento-da-misericordia\/"},"modified":"2017-05-26T16:03:19","modified_gmt":"2017-05-26T19:03:19","slug":"eucaristia-alimento-da-misericordia","status":"publish","type":"post","link":"https:\/\/catolicanet.net\/wp-cnet\/eucaristia-alimento-da-misericordia\/","title":{"rendered":"Eucaristia: alimento da Miseric\u00f3rdia"},"content":{"rendered":"<p style=\"text-align: justify;\">No dia 3 de maio de 1926, na \u00e9poca da festa da Santa Cruz e do descobrimento do Brasil, o nosso antecessor, o Cardeal Dom Sebasti\u00e3o Leme, instituiu a adora\u00e7\u00e3o perp\u00e9tua na Igreja de Santana, proclamada Santu\u00e1rio Nacional da Adora\u00e7\u00e3o Perp\u00e9tua, em memor\u00e1vel cerim\u00f4nia que foi conclu\u00edda com a seguinte ora\u00e7\u00e3o pronunciada pelo cardeal de joelhos: \u201cTu, Senhor Jesus, ficar\u00e1s exposto dia e noite neste Santu\u00e1rio, at\u00e9 o fim dos tempos, porque eu te prometo que os brasileiros estar\u00e3o aqui ajoelhados, dia e noite, at\u00e9 o fim dos tempos\u201d. (Texto da hora santa da arquidiocese de 2016).<br \/> Passaram-se 90 anos desse ato e a Arquidiocese celebra neste ano mais uma Semana Eucar\u00edstica, tendo como centro o Santu\u00e1rio da Adora\u00e7\u00e3o Perp\u00e9tua \u2013 neste ano com o tema: \u201cEucaristia, alimento da Miseric\u00f3rdia\u201d.<br \/> O Rio de Janeiro foi a primeira cidade a ter um templo espec\u00edfico onde os fi\u00e9is podem adorar o Sant\u00edssimo Sacramento dia e noite. Os Padres Sacramentinos, trazidos por D. Leme na mesma \u00e9poca, continuam at\u00e9 hoje a animar a Guarda de Honra do Sant\u00edssimo Sacramento e a adora\u00e7\u00e3o noturna (esta composta somente de homens).<br \/> Quando iniciamos a 90\u00aa Semana Eucar\u00edstica e nos preparamos para a celebra\u00e7\u00e3o da unidade, a Festa de Corpus Christi, \u00e9 sempre significativo retomar a import\u00e2ncia de estarmos unidos e vivendo fraternalmente em nosso pa\u00eds como um povo que tem a Eucaristia no centro de sua vida.<br \/>Como conta a Tradi\u00e7\u00e3o e os v\u00e1rios escritos de dom\u00ednio p\u00fablico, no final do s\u00e9culo XIII surgiu em Li\u00e8ge, B\u00e9lgica, um Movimento Eucar\u00edstico cujo centro foi a Abadia de Cornillon, fundada em 1124 pelo Bispo Albero. Este Movimento deu origem a v\u00e1rios costumes eucar\u00edsticos como, por exemplo, a Exposi\u00e7\u00e3o e B\u00ean\u00e7\u00e3o do Sant\u00edssimo Sacramento, o uso dos sinos durante sua eleva\u00e7\u00e3o na Missa e a festa de Corpus Christi.<br \/> Santa Juliana de Mont Cornillon, naquela \u00e9poca priora da Abadia, foi a enviada de Deus para propiciar esta Festa. A santa nasceu em Retines, perto de Li\u00e8ge, B\u00e9lgica, em 1193. Ficou \u00f3rf\u00e3 muito pequena e foi educada pelas freiras Agostinianas, em Mont Cornillon. Quando cresceu, fez sua profiss\u00e3o religiosa e mais tarde foi superiora de sua comunidade. Morreu em 5 de abril de 1258, na casa das monjas Cistercienses, em Fosses, e foi enterrada em Villiers.<br \/> Desde jovem, Santa Juliana teve uma grande venera\u00e7\u00e3o ao Sant\u00edssimo Sacramento. E sempre esperava que se tivesse uma festa especial em sua honra. O Papa Urbano IV estava em Orvieto, perto de Roma. Muito pr\u00f3ximo dessa localidade, em 1263 (ou 1264) aconteceu o famoso Milagre de Bolsena: um sacerdote que celebrava a Santa Missa teve d\u00favidas de que a Consagra\u00e7\u00e3o da H\u00f3stia fosse algo real. No momento de partir a Sagrada H\u00f3stia, viu sair dela sangue, que empapou o corporal (pequeno pano onde se apoiam o c\u00e1lice e a patena durante a Missa). A venerada rel\u00edquia foi levada em prociss\u00e3o a Orvieto em 19 de junho de 1264, e at\u00e9 hoje l\u00e1 se conserva o corporal na Catedral, onde tamb\u00e9m se pode ver a pedra do altar de Bolsena, manchada de sangue.<br \/> O Santo Padre, movido pelo prod\u00edgio e por peti\u00e7\u00e3o de v\u00e1rios bispos, fez com que a festa de Corpus Christi se estendesse por toda a Igreja por meio da bula \u201cTransiturus\u201d, de 8 de setembro do mesmo ano, fixando-a para a quinta-feira depois da ent\u00e3o \u201coitava de Pentecostes\u201d, e outorgando muitas indulg\u00eancias a todos que participassem da Santa Missa e rezassem o of\u00edcio nesse dia.<br \/> Como outrora, Jesus nos recebe e nos fala do Reino, cura as nossas enfermidades e nos d\u00e1 de comer (Lc 9,11-17). No Sacramento da Eucaristia podemos experimentar essa realidade: Deus est\u00e1 n\u00e3o somente perto de n\u00f3s, mas dentro de n\u00f3s. \u201cO Senhor esteja convosco\u201d \u2013 nos diz o sacerdote em cada celebra\u00e7\u00e3o da Eucaristia. Agradecemos a Deus pela sua presen\u00e7a, pelo seu amor, pela sua miseric\u00f3rdia, pela sua proximidade.<br \/> Essa solenidade \u00e9 a celebra\u00e7\u00e3o agradecida de uma Presen\u00e7a. Nessa festa, a M\u00e3e Igreja quer chamar a aten\u00e7\u00e3o de seus filhos para a real presen\u00e7a de Cristo Jesus nas esp\u00e9cies eucar\u00edsticas do p\u00e3o e do vinho consagrados. Sim, nelas o Cristo morto e ressuscitado encontra-se t\u00e3o verdadeiramente presente! Ali j\u00e1 n\u00e3o h\u00e1 mais p\u00e3o, n\u00e3o h\u00e1 mais vinho, mas o Senhor Jesus, Cordeiro glorioso e imolado, no seu estado de eterna imola\u00e7\u00e3o por n\u00f3s.<br \/> O Cristo eucar\u00edstico \u00e9 aquele que \u201ctendo amado os seus que estavam no mundo, amou-os at\u00e9 o fim\u201d (Jo 13,1). Comungar seu corpo e seu sangue \u00e9 entrar neste caminho de Jesus, \u00e9 ter em n\u00f3s seus sentimentos (Fl 2,5), \u00e9 fazer nossas as suas op\u00e7\u00f5es, fazendo da exist\u00eancia uma pr\u00f3-exist\u00eancia, uma vida doada ao Pai e aos irm\u00e3os. \u201cO c\u00e1lice de b\u00ean\u00e7\u00e3o que aben\u00e7oamos n\u00e3o \u00e9 comunh\u00e3o com o sangue de Cristo? O p\u00e3o que partimos n\u00e3o \u00e9 comunh\u00e3o com o corpo de Cristo\u201d? (1Cor 10,16).<br \/> O culto eucar\u00edstico, cujo momento supremo \u00e9, sem d\u00favida, a celebra\u00e7\u00e3o da Missa, traz a pessoa de Cristo, t\u00e3o real e verdadeiramente como est\u00e1 no C\u00e9u, ao simples quotidiano de cada um de n\u00f3s.<br \/> Em nossa Arquidiocese, a Semana Eucar\u00edstica, que precede a festa solene, tem uma grande programa\u00e7\u00e3o. No dia de Corpus Christi teremos, \u00e0s 10h, missa no Santu\u00e1rio da Adora\u00e7\u00e3o Perp\u00e9tua, Igreja de Santana, no Centro, encerrando a 90\u00aa. Semana Eucar\u00edstica. \u00c0s 15h \u2013 concentra\u00e7\u00e3o na Igreja da Candel\u00e1ria \u2013, \u00e0s 15h30 a Ora\u00e7\u00e3o das V\u00e9speras, seguida de prociss\u00e3o solene at\u00e9 a Catedral de S\u00e3o Sebasti\u00e3o do Rio de Janeiro, quando haver\u00e1 b\u00ean\u00e7\u00e3o do Sant\u00edssimo Sacramento e Missa Solene.<br \/> Gostaria de fazer um apelo a todos os fi\u00e9is que ir\u00e3o participar da prociss\u00e3o: tragam alimentos n\u00e3o perec\u00edveis para que a Caritas Arquidiocesana, dentro do Ano Santo extraordin\u00e1rio, como obra de Miseric\u00f3rdia, encaminhe para os mais necessitados. Esse gesto concreto, tradicional em nossa Arquidiocese, neste ano \u00e9 tamb\u00e9m de todo o Regional Leste 1, e incentiva as par\u00f3quias para que assim o fa\u00e7am para ir ao encontro de tantas pessoas necessitadas, desempregadas e outras. Se a Festa p\u00fablica da Eucaristia \u00e9 a celebra\u00e7\u00e3o da presen\u00e7a real de Jesus, que na Eucaristia se d\u00e1 a cada um de n\u00f3s, vamos partilhar o que temos (e n\u00e3o a sobra) a quem mais precisa.<br \/> Jesus Eucar\u00edstico \u00e9 o tesouro da Igreja! Adoremos este Sant\u00edssimo Sacramento, sinal de unidade, v\u00ednculo de caridade, sacramento de piedade. Gra\u00e7as e louvores se deem a todo o momento ao Sant\u00edssimo e Divin\u00edssimo Sacramento. Jesus, Rei de miseric\u00f3rdia, eu confio em V\u00f3s!<\/p>\n","protected":false},"excerpt":{"rendered":"<p>No dia 3 de maio de 1926, na \u00e9poca da festa da Santa Cruz e do descobrimento do Brasil, o nosso antecessor, o Cardeal Dom Sebasti\u00e3o Leme, instituiu a adora\u00e7\u00e3o perp\u00e9tua na Igreja de Santana, proclamada Santu\u00e1rio Nacional da Adora\u00e7\u00e3o Perp\u00e9tua, em memor\u00e1vel cerim\u00f4nia que foi conclu\u00edda com a seguinte ora\u00e7\u00e3o pronunciada pelo cardeal de [&hellip;]<\/p>\n","protected":false},"author":1,"featured_media":0,"comment_status":"open","ping_status":"open","sticky":false,"template":"","format":"standard","meta":{"footnotes":""},"categories":[7],"tags":[],"class_list":["post-14678","post","type-post","status-publish","format-standard","hentry","category-cnbb"],"_links":{"self":[{"href":"https:\/\/catolicanet.net\/wp-cnet\/wp-json\/wp\/v2\/posts\/14678","targetHints":{"allow":["GET"]}}],"collection":[{"href":"https:\/\/catolicanet.net\/wp-cnet\/wp-json\/wp\/v2\/posts"}],"about":[{"href":"https:\/\/catolicanet.net\/wp-cnet\/wp-json\/wp\/v2\/types\/post"}],"author":[{"embeddable":true,"href":"https:\/\/catolicanet.net\/wp-cnet\/wp-json\/wp\/v2\/users\/1"}],"replies":[{"embeddable":true,"href":"https:\/\/catolicanet.net\/wp-cnet\/wp-json\/wp\/v2\/comments?post=14678"}],"version-history":[{"count":1,"href":"https:\/\/catolicanet.net\/wp-cnet\/wp-json\/wp\/v2\/posts\/14678\/revisions"}],"predecessor-version":[{"id":23685,"href":"https:\/\/catolicanet.net\/wp-cnet\/wp-json\/wp\/v2\/posts\/14678\/revisions\/23685"}],"wp:attachment":[{"href":"https:\/\/catolicanet.net\/wp-cnet\/wp-json\/wp\/v2\/media?parent=14678"}],"wp:term":[{"taxonomy":"category","embeddable":true,"href":"https:\/\/catolicanet.net\/wp-cnet\/wp-json\/wp\/v2\/categories?post=14678"},{"taxonomy":"post_tag","embeddable":true,"href":"https:\/\/catolicanet.net\/wp-cnet\/wp-json\/wp\/v2\/tags?post=14678"}],"curies":[{"name":"wp","href":"https:\/\/api.w.org\/{rel}","templated":true}]}}