{"id":14677,"date":"2016-05-23T12:14:48","date_gmt":"2016-05-23T15:14:48","guid":{"rendered":"http:\/\/catolicanet.net\/wp-cnet\/2016\/05\/23\/corpus-christi\/"},"modified":"2017-05-08T13:16:25","modified_gmt":"2017-05-08T16:16:25","slug":"corpus-christi","status":"publish","type":"post","link":"https:\/\/catolicanet.net\/wp-cnet\/corpus-christi\/","title":{"rendered":"Corpus Christi"},"content":{"rendered":"<p style=\"text-align: justify;\">Hoje, ainda, h\u00e1 fome no mundo. E n\u00e3o se pensa apenas na fome espiritual de que tanto fala a Igreja. Certamente, h\u00e1 muitas pessoas desorientadas, perdidas no desamor, na viol\u00eancia, fechadas em si mesmas, esgotadas por dificuldades. Mas \u00e9 que, al\u00e9m de tudo isso, em nosso mundo h\u00e1 ainda uma fome real, est\u00f4magos vazios que n\u00e3o sabem o que \u00e9 t\u00ea-los cheios. Muitas de nossas par\u00f3quias continuam repartindo comida com as pessoas que n\u00e3o t\u00eam recursos para compr\u00e1-la. Isso n\u00e3o acontece apenas na \u00c1frica ou na \u00c1sia. Isso acontece em pa\u00edses industrializados e ricos, nisso que chamamos pomposamente de democracias avan\u00e7adas.<br \/>Por isso, o p\u00e3o, alimento b\u00e1sico em muitas culturas, \u00e9 um aut\u00eantico sacramento da vida. O p\u00e3o e o vinho das culturas mediterr\u00e2neas, o p\u00e3o e os peixes do Evangelho. Para aqueles que t\u00eam fome, o alimento urge de maneira absoluta. Tudo mais pode esperar, mas a fome e a sede \u00e9 preciso satisfaz\u00ea-las logo. Em muitos pa\u00edses se proclamam leis para atender a muitas outras necessidades: desde o respeito aos animais at\u00e9 o direito das pessoas sem vez e sem voz. Est\u00e1 certo. Tudo isso est\u00e1 bem. Mas n\u00e3o podemos nos esquecer dessas urg\u00eancias fundamentais que continuam batendo a nossa porta: a fome e o p\u00e3o como alimento b\u00e1sico que a sacia, ou seja, sinal-sacramento da vida. Sem ele, n\u00e3o h\u00e1 esperan\u00e7a.<br \/>A Eucaristia \u00e9 o sacramento do p\u00e3o, o sacramento da vida compartilhada. A Eucaristia \u00e9 um sacramento cheio de for\u00e7a que nos recorda nossa elementar depend\u00eancia do alimento. Sem alimento, n\u00e3o h\u00e1 vida. Sem alimento, a morte chega. Ao redor do alimento, a fam\u00edlia humana cresce, a rela\u00e7\u00e3o \u00e9 estabelecida. Compartilhar o p\u00e3o significou sempre compartilhar a vida, a amizade, o carinho. Convidar algu\u00e9m para nossa mesa significa convid\u00e1-lo para beber algo e dar-lhe de comer.<br \/>Hoje e a cada dia \u00e9 Jesus quem nos convida a comer com Ele e com os irm\u00e3os. N\u00e3o podemos esquecer nenhum aspecto, ou seja, somos convidados a comer com Jesus e com os irm\u00e3os, pois uma coisa n\u00e3o existe sem a outra. Ao comermos com Jesus, reconhecemos a nossa necessidade b\u00e1sica de p\u00e3o. Ao comermos com Jesus, fazemos parte de sua fam\u00edlia e a nossa fraternidade \u00e9 reafirmada. Ao comermos com Jesus, a sua palavra nos chega, junto com o p\u00e3o, no fundo do nosso cora\u00e7\u00e3o. Ao comermos com Ele, podemos sonhar que o nosso mundo dividido e machucado reconcilia-se e que a humanidade \u00e9 uma \u00fanica fam\u00edlia. Ao comermos com Ele, o nosso sonho torna-se um pouco mais real. E ganhamos for\u00e7a para continuar comprometidos a servir ao Evangelho, para continuar amando, curando, ajudando e compartilhando. E, sobretudo, dando de comer aos famintos.<br \/>Jesus oferece-se como p\u00e3o da vida para aprendermos o amor, a solidariedade, a paz. Venite adoremus!<\/p>\n","protected":false},"excerpt":{"rendered":"<p>Hoje, ainda, h\u00e1 fome no mundo. E n\u00e3o se pensa apenas na fome espiritual de que tanto fala a Igreja. Certamente, h\u00e1 muitas pessoas desorientadas, perdidas no desamor, na viol\u00eancia, fechadas em si mesmas, esgotadas por dificuldades. Mas \u00e9 que, al\u00e9m de tudo isso, em nosso mundo h\u00e1 ainda uma fome real, est\u00f4magos vazios que [&hellip;]<\/p>\n","protected":false},"author":10,"featured_media":0,"comment_status":"open","ping_status":"open","sticky":false,"template":"","format":"standard","meta":{"footnotes":""},"categories":[9],"tags":[],"class_list":["post-14677","post","type-post","status-publish","format-standard","hentry","category-artigos"],"_links":{"self":[{"href":"https:\/\/catolicanet.net\/wp-cnet\/wp-json\/wp\/v2\/posts\/14677","targetHints":{"allow":["GET"]}}],"collection":[{"href":"https:\/\/catolicanet.net\/wp-cnet\/wp-json\/wp\/v2\/posts"}],"about":[{"href":"https:\/\/catolicanet.net\/wp-cnet\/wp-json\/wp\/v2\/types\/post"}],"author":[{"embeddable":true,"href":"https:\/\/catolicanet.net\/wp-cnet\/wp-json\/wp\/v2\/users\/10"}],"replies":[{"embeddable":true,"href":"https:\/\/catolicanet.net\/wp-cnet\/wp-json\/wp\/v2\/comments?post=14677"}],"version-history":[{"count":1,"href":"https:\/\/catolicanet.net\/wp-cnet\/wp-json\/wp\/v2\/posts\/14677\/revisions"}],"predecessor-version":[{"id":21542,"href":"https:\/\/catolicanet.net\/wp-cnet\/wp-json\/wp\/v2\/posts\/14677\/revisions\/21542"}],"wp:attachment":[{"href":"https:\/\/catolicanet.net\/wp-cnet\/wp-json\/wp\/v2\/media?parent=14677"}],"wp:term":[{"taxonomy":"category","embeddable":true,"href":"https:\/\/catolicanet.net\/wp-cnet\/wp-json\/wp\/v2\/categories?post=14677"},{"taxonomy":"post_tag","embeddable":true,"href":"https:\/\/catolicanet.net\/wp-cnet\/wp-json\/wp\/v2\/tags?post=14677"}],"curies":[{"name":"wp","href":"https:\/\/api.w.org\/{rel}","templated":true}]}}