{"id":14671,"date":"2016-05-20T17:15:32","date_gmt":"2016-05-20T20:15:32","guid":{"rendered":"http:\/\/catolicanet.net\/wp-cnet\/2016\/05\/20\/a-festa-da-santissima-trindade\/"},"modified":"2017-05-31T10:39:21","modified_gmt":"2017-05-31T13:39:21","slug":"a-festa-da-santissima-trindade","status":"publish","type":"post","link":"https:\/\/catolicanet.net\/wp-cnet\/a-festa-da-santissima-trindade\/","title":{"rendered":"A Festa da Sant\u00edssima Trindade"},"content":{"rendered":"<p style=\"text-align: justify;\"><img decoding=\"async\" src=\"http:\/\/catolicanet.com.br\/images\/stories\/noticias\/santc3adssima-trindade.jpg\" border=\"0\" align=\"left\" \/>A Trindade, o Pai e o Filho e o Esp\u00edrito Santo, continua a ser um mist\u00e9rio: um s\u00f3 Deus em tr\u00eas pessoas\u00a0 e n\u00e3o tr\u00eas deuses. \u00c9 um mist\u00e9rio central da vida crist\u00e3. A Igreja, com autoridade confiada pelo Senhor, procura ensinar e transmitir essa f\u00e9.<\/p>\n<p>O in\u00edcio do livro do G\u00eanesis diz: \u2018No princ\u00edpio, Deus criou o c\u00e9u e a terra. Ora, a terra era informe e um vento pairava sobre as \u00e1guas. Deus disse \u201cHaja a luz\u201d e houve a luz\u2019 (Gn 1,1-3). Nestes primeiros vers\u00edculos s\u00e3o citados, ainda que n\u00e3o explicitamente, Deus (Pai) \u201ccriou o c\u00e9u e a terra\u201d, o Esp\u00edrito \u2013 \u201co vento que pairava\u201d \u2013 e o Filho, que \u00e9 a palavra, o Verbo \u2013 \u201cDeus disse\u201d.<\/p>\n<p>Ainda no livro do G\u00eanesis (Gn 18,1-15) houve uma apari\u00e7\u00e3o no Carvalho de Mambr\u00e9 e nessa apari\u00e7\u00e3o o texto se revesa em dizer tr\u00eas pessoas e depois uma pessoa.<\/p>\n<p>Quando Davi \u00e9 ungido com o \u00f3leo para reinar, que \u00f3leo \u00e9 este sen\u00e3o o Esp\u00edrito do Senhor (Esp\u00edrito Santo) que \u201cprecipitou-se sobre Davi desse dia em diante\u201d (1Sm 16,1-13)? Tamb\u00e9m foi o Esp\u00edrito do Senhor que profetizou atrav\u00e9s de Miqu\u00e9ias e que anunciou que o Messias viria de Bel\u00e9m de Jud\u00e1 (Mq 5,1) j\u00e1 se nota que em Jesus Cristo se cumprem as Escrituras. Ele \u00e9 o filho de Davi (Mt 1,1), do qual Deus prometeu uma descend\u00eancia e um reinado para sempre. Jesus \u00e9 o Filho de Deus! (Mc 1,1)<\/p>\n<p>No decorrer de Sua hist\u00f3ria, quando foi batizado por Jo\u00e3o Batista, uma voz vinda dos c\u00e9us dizia: \u201cEis o meu Filho amado, em quem me comprazo\u201d (Mt 3,17). Logo no in\u00edcio do seu minist\u00e9rio h\u00e1 uma for\u00e7a que o acompanha: \u201cJesus pleno do Esp\u00edrito Santo, voltou do Jord\u00e3o; era conduzido pelo Esp\u00edrito atrav\u00e9s do deserto\u201d (Lc 4,1-2). Nestas passagens vemos o Filho e o Esp\u00edrito Santo e mais adiante Jesus declara para que veio: \u201cQuem me v\u00ea, v\u00ea o Pai\u201d (Jo 14,9). As palavras de Jesus, seus milagres, tudo o que Ele fez foi para revelar a face do Pai e nos salvar. A Trindade \u00e9 esse mist\u00e9rio revelado em Jesus e oculto pela limita\u00e7\u00e3o humana.<\/p>\n<p>Na liturgia rezamos ao Pai pelo Filho no Esp\u00edrito Santo em cada ora\u00e7\u00e3o; toda liturgia \u00e9 voltada ao Pai. Um exemplo \u00e9 a ora\u00e7\u00e3o da coleta no in\u00edcio de cada missa \u201c\u00d3 Deus, nosso Pai, enviando ao mundo a Palavra da verdade (Jesus) e o Esp\u00edrito santificador, revelastes o vosso inef\u00e1vel mist\u00e9rio. Fazei que, professando a verdadeira f\u00e9, reconhe\u00e7amos a gl\u00f3ria da Trindade e adoremos a Unidade onipotente. Por nosso Senhor Jesus Cristo, vosso Filho, na unidade do Esp\u00edrito Santo. Am\u00e9m\u201d (Domingo da Sant\u00edssima Trindade \u2013 Ano C)<\/p>\n<p>Deus \u00e9 o Criador de todas as coisas.\u00a0 Para Israel, nesse sentido, \u00e9 Pai devido \u00e0 Alian\u00e7a e o dom da Lei \u2013\u00a0 \u00e9 Pai dos pobres, da vi\u00fava e do \u00f3rf\u00e3o. Deus \u00e9 Pai e ama muito a cada filho. Ele se revelou atrav\u00e9s de Jesus Cristo: \u201cPois Deus amou tanto o mundo, que deu seu Filho \u00fanico, para que todo o que nele cr\u00ea n\u00e3o pere\u00e7a, mas tenha a vida eterna. Deus \u00e9 Pai e revelou a sua face em Jesus, Jesus \u00e9 a face misericordiosa do Pai. Antes, sobretudo, no Antigo Testamento, ainda que o povo de Deus tivesse uma no\u00e7\u00e3o de Deus,era um Deus distante. Em Jesus, com suas obras, ensinamentos e vida mostra-se\u00a0 um Deus pr\u00f3ximo, o \u201cDeus conosco\u201d (Is 7,14). Jesus revelou o amor do Pai t\u00e3o necess\u00e1rio tamb\u00e9m para os nossos dias e ele ensinou os disc\u00edpulos a orar e a chamar Deus de Pai (Mt 6,7-15; Lc 11,1-4).<\/p>\n<p>No Evangelho de Lucas (15,1-3.11-32), de maneira muito especial atrav\u00e9s de uma par\u00e1bola, Jesus n\u00e3o s\u00f3 revela um filho arrependido que resolveu voltar para casa, mas mostra que Deus \u00e9 o Pai das Miseric\u00f3rdias. O pai que aguardava sempre o filho e quando o viu correu ao seu encontro, um pai que nem deixou o filho se desculpar dos erros, porque o mais importante era sua volta, um pai que n\u00e3o cobrou, n\u00e3o julgou e nem condenou Ao contr\u00e1rio: o pai fez festa e lhe deu um nova t\u00fanica, sand\u00e1lias, anel e um grande banquete. O Pai do c\u00e9u \u00e9 assim rico em miseric\u00f3rdia!<\/p>\n<p>\u00c9 assim que queremos celebrar a Festa da Sant\u00edssima Trindade, e a Festa do Pai das Miseric\u00f3rdias, na Can\u00e7\u00e3o Nova, em Cachoeira Paulista (SP), em 22 de maio. O Pai amou e ama muito voc\u00ea. Ele aguarda o seu e o meu retorno! Talvez nos extraviamos por causa dos pecados, nos perdemos, veio a doen\u00e7a, a morte, uma desaven\u00e7a. Mas o Pai continua na expectativa e n\u00e3o v\u00ea a hora de nos ver dando passos em sua dire\u00e7\u00e3o. Ele est\u00e1 de bra\u00e7os abertos, e ao seu lado, eu imagino que h\u00e1 uma mesa com uma veste nova e limpa (dignidade), um anel (alian\u00e7a de amor), um cal\u00e7ado (n\u00e3o somos escravos) e um grande banquete (festa) de amor est\u00e1 sendo preparado. Ap\u00f3s um abra\u00e7o forte e demorado, com alegria, Ele diz: \u201cFilho(a), Eu te amo!\u201d.<\/p>\n<p style=\"text-align: justify;\">Padre Marcio Prado<\/p>\n<p><img decoding=\"async\" src=\"http:\/\/catolicanet.com.br\/images\/stories\/padres\/padre-marcio-prado-1-253x300.png\" border=\"0\" align=\"right\" \/><\/p>\n<p style=\"text-align: justify;\">\u00a0<\/p>\n<p style=\"text-align: justify;\">\u00a0<\/p>\n<p style=\"text-align: justify;\">\u00a0<\/p>\n<p style=\"text-align: justify;\">Por Padre Marcio Jos\u00e9 do Prado, sacerdote da Comunidade Can\u00e7\u00e3o Nova e Vice-Reitor do Santu\u00e1rio do Pai das Miseric\u00f3rdias.<\/p>\n<p style=\"text-align: justify;\">\u00a0<\/p>\n<p style=\"text-align: justify;\">\u00a0<\/p>\n<p style=\"text-align: justify;\">\u00a0<\/p>\n<p style=\"text-align: justify;\">\u00a0<\/p>\n<p style=\"text-align: justify;\">Fonte: Jovens Conectados<\/p>\n","protected":false},"excerpt":{"rendered":"<p>A Trindade, o Pai e o Filho e o Esp\u00edrito Santo, continua a ser um mist\u00e9rio: um s\u00f3 Deus em tr\u00eas pessoas\u00a0 e n\u00e3o tr\u00eas deuses. \u00c9 um mist\u00e9rio central da vida crist\u00e3. A Igreja, com autoridade confiada pelo Senhor, procura ensinar e transmitir essa f\u00e9. O in\u00edcio do livro do G\u00eanesis diz: \u2018No princ\u00edpio, [&hellip;]<\/p>\n","protected":false},"author":1,"featured_media":0,"comment_status":"open","ping_status":"open","sticky":false,"template":"","format":"standard","meta":{"footnotes":""},"categories":[4],"tags":[],"class_list":["post-14671","post","type-post","status-publish","format-standard","hentry","category-cotidiano"],"_links":{"self":[{"href":"https:\/\/catolicanet.net\/wp-cnet\/wp-json\/wp\/v2\/posts\/14671","targetHints":{"allow":["GET"]}}],"collection":[{"href":"https:\/\/catolicanet.net\/wp-cnet\/wp-json\/wp\/v2\/posts"}],"about":[{"href":"https:\/\/catolicanet.net\/wp-cnet\/wp-json\/wp\/v2\/types\/post"}],"author":[{"embeddable":true,"href":"https:\/\/catolicanet.net\/wp-cnet\/wp-json\/wp\/v2\/users\/1"}],"replies":[{"embeddable":true,"href":"https:\/\/catolicanet.net\/wp-cnet\/wp-json\/wp\/v2\/comments?post=14671"}],"version-history":[{"count":1,"href":"https:\/\/catolicanet.net\/wp-cnet\/wp-json\/wp\/v2\/posts\/14671\/revisions"}],"predecessor-version":[{"id":25944,"href":"https:\/\/catolicanet.net\/wp-cnet\/wp-json\/wp\/v2\/posts\/14671\/revisions\/25944"}],"wp:attachment":[{"href":"https:\/\/catolicanet.net\/wp-cnet\/wp-json\/wp\/v2\/media?parent=14671"}],"wp:term":[{"taxonomy":"category","embeddable":true,"href":"https:\/\/catolicanet.net\/wp-cnet\/wp-json\/wp\/v2\/categories?post=14671"},{"taxonomy":"post_tag","embeddable":true,"href":"https:\/\/catolicanet.net\/wp-cnet\/wp-json\/wp\/v2\/tags?post=14671"}],"curies":[{"name":"wp","href":"https:\/\/api.w.org\/{rel}","templated":true}]}}