{"id":14668,"date":"2016-05-20T14:21:12","date_gmt":"2016-05-20T17:21:12","guid":{"rendered":"http:\/\/catolicanet.net\/wp-cnet\/2016\/05\/20\/conheca-os-premiados-do-trofeu-louvemos-o-senhor-2016\/"},"modified":"2017-05-31T10:39:22","modified_gmt":"2017-05-31T13:39:22","slug":"conheca-os-premiados-do-trofeu-louvemos-o-senhor-2016","status":"publish","type":"post","link":"https:\/\/catolicanet.net\/wp-cnet\/conheca-os-premiados-do-trofeu-louvemos-o-senhor-2016\/","title":{"rendered":"Conhe\u00e7a os premiados do Trof\u00e9u Louvemos o Senhor 2016"},"content":{"rendered":"<p style=\"text-align: justify;\"><img decoding=\"async\" src=\"http:\/\/catolicanet.com.br\/images\/stories\/noticias\/premiadostrofeu2016.jpg\" border=\"0\" align=\"left\" \/>Artistas cat\u00f3licos receberam homenagens no palco do maior Pr\u00eamio Nacional da M\u00fasica Cat\u00f3lica<\/p>\n<p>Em noite de festa, os artistas cat\u00f3licos foram homenageados na 8\u00aa Edi\u00e7\u00e3o do Trof\u00e9u Louvemos o Senhor. Organizado pela Associa\u00e7\u00e3o do Senhor Jesus, o maior Pr\u00eamio Nacional da M\u00fasica Cat\u00f3lica procura valorizar aqueles que colocam seus dons a servi\u00e7o da evangeliza\u00e7\u00e3o pela m\u00fasica em suas diversas facetas. Artistas, produtoras, gravadoras e profissionais que trabalham nos \u201cbastidores\u201d da m\u00fasica cat\u00f3lica receberam com aplausos as estatuetas do Trof\u00e9u Louvemos o Senhor.<br \/>Com sinal gerado pela Rede S\u00e9culo 21, o Trof\u00e9u Louvemos o Senhor foi transmitido em parceria coma Rede Cat\u00f3lica de R\u00e1dio e por outras 11 emissoras de TV: TV Aparecida, TV Can\u00e7\u00e3o Nova, Funda\u00e7\u00e3o Nazar\u00e9 de Comunica\u00e7\u00e3o, Rede Vida, TV 3\u00ba Mil\u00eanio, TV Imaculada Concei\u00e7\u00e3o, TV Horizonte, Rede Cat\u00f3lica da Igreja, TV Claret, TV Kefas e TV Tub\u00e1.<br \/>Nas redes sociais, os f\u00e3s da m\u00fasica cat\u00f3lica e os artistas compartilharam fotos e v\u00eddeos a todo momento celebrando o evento e a homenagem realizada pela Associa\u00e7\u00e3o do Senhor Jesus a cada um deles. Uma r\u00e1pida pesquisa nas redes sociais com a hashtag #TrofeuLouvemos revelar\u00e1 uma pouco da festa e da alegria&#8230;<br \/>No dia 10 de maio foram revelados os premiados das categoria\u00acs T\u00e9cnicas e Instrumentais do Trof\u00e9u Louvemos o Senhor. Na noite de 18 de maio, foram revelados os premiados das Categoria Art\u00edsticas. Confira a lista de todos os premiados da 8\u00aa Edi\u00e7\u00e3o do Trof\u00e9u Louvemos o Senhor:<\/p>\n<p>CATEGORIAS ART\u00cdSTICAS<br \/>Int\u00e9rprete Masculino do Ano<br \/>Diego Fernandes &#8211; \u201cVolte ao Primeiro Amor\u201d &#8211;\u00a0 Independente\u00a0\u00a0\u00a0 <br \/>Int\u00e9rprete Feminino do Ano<br \/>Ziza Fernandes &#8211; \u201cSegredos &#8211; Ao Vivo\u201d &#8211; Oficina Viva Produ\u00e7\u00f5es<br \/>Grupo Vocal do Ano<br \/>Cantores de Deus &#8211; \u201cMulheres em Foco, For\u00e7a e F\u00e9\u201d &#8211; Paulinas &#8211; Comep\u00a0\u00a0\u00a0\u00a0\u00a0\u00a0\u00a0\u00a0\u00a0 <br \/>Banda do Ano<br \/>Rosa de Saron &#8211; \u201cAc\u00fastico e Ao Vivo 2\/3\u201d &#8211; Rosa de Saron Produ\u00e7\u00f5es Art\u00edsticas<br \/>\u00c1lbum Rock do Ano<br \/>Volte Ao Primeiro Amor &#8211; \u201cDiego Fernandes\u201d &#8211; Independente<br \/>\u00c1lbum Pop do Ano<br \/>Inspira\u00e7\u00e3o &#8211; \u201cAnjos de Resgate\u201d- Codimuc<br \/>\u00c1lbum Alternativo do Ano<br \/>Quando Deus Quer Ningu\u00e9m Segura &#8211; \u201cPadre Alessandro Campos\u201d &#8211; Som Livre\u00a0\u00a0\u00a0\u00a0\u00a0\u00a0\u00a0\u00a0\u00a0\u00a0 <br \/>\u00c1lbum Infantil do Ano<br \/>Bolinhas de Sab\u00e3o &#8211; \u201cCantinho Da Crian\u00e7a\u201d &#8211; Can\u00e7\u00e3o Nova<br \/>Artista Revela\u00e7\u00e3o do Ano<br \/>Mirella Costa &#8211; \u201cMinha Arca\u201d &#8211; Independente<br \/>\u00c1lbum Independente do Ano<br \/>Volte ao Primeiro Amor &#8211; \u201cDiego Fernandes\u201d<br \/>\u00c1lbum Lit\u00fargico do Ano<br \/>Das Redes ao Cora\u00e7\u00e3o &#8211; \u201cCoral Encantos De Florian\u00f3polis\u201d &#8211; Santu\u00e1rio Nacional de Nossa Senhora da Concei\u00e7\u00e3o Aparecida<br \/>Can\u00e7\u00e3o Lit\u00fargica do Ano<br \/>Na Tua Presen\u00e7a, Senhor &#8211; Compositor: Ant\u00f4nio Cardoso e Niza &#8211; \u00c1lbum: \u201cUma Casa Iluminada por Jesus\u201d \u2013 Ant\u00f4nio Cardoso &#8211; Paulinas &#8211; Comep<br \/>DVD do Ano<br \/>Ac\u00fastico e Ao Vivo 2\/3 &#8211; Diretor: Daniel dos Santos &#8211;\u00a0 \u201cRosa de Saron\u201d &#8211; Rosa de Saron Produ\u00e7\u00f5es Art\u00edsticas\u00a0\u00a0\u00a0\u00a0\u00a0\u00a0\u00a0\u00a0 <br \/>M\u00fasica do Ano<br \/>Incompletude &#8211; Compositor: Guilherme de S\u00e1 &#8211; \u00c1lbum: Ac\u00fastico e ao vivo 2\/3 &#8211; \u201cRosa de Saron\u201d &#8211; Rosa de Saron Produ\u00e7\u00f5es Art\u00edsticas<br \/>Cantor Solo do Ano<br \/>Diego Fernandes &#8211; \u201cVolte ao Primeiro Amor\u201d &#8211; Independente\u00a0\u00a0\u00a0\u00a0\u00a0 <br \/>Cantora Solo do Ano<br \/>Ziza Fernandes &#8211; \u201cSegredos &#8211; Ao Vivo\u201d &#8211; Oficina Viva Produ\u00e7\u00f5es<br \/>Artista do Ano<br \/>Padre Reginaldo Manzotti<\/p>\n<p>CATEGORIAS T\u00c9CNICAS E INSTRUMENTAIS:<\/p>\n<p>Produtor do Ano<br \/>Alexandre Pivato (Boyna) e Ziza Fernandes \u2013 \u00c1lbum: Segredos \u2013 Ao Vivo \u2013 \u201cZiza Fernandes\u201d \u2013 Oficina Viva Produ\u00e7\u00f5es<br \/>Arranjador do Ano<br \/>Alexandre Pivato (Boyna) \u2013 \u00c1lbum: Segredos \u2013 Ao Vivo \u2013 \u201cZiza Fernandes\u201d \u2013 Oficina Viva Produ\u00e7\u00f5es<br \/>Projeto Gr\u00e1fico do Ano<br \/>Bruno Camurati \u2013 \u00c1lbum: No Caminho \u2013 \u201cLu\u00eds Felipe Barbedo\u201d \u2013 Laborat\u00f3rio Coletivo<br \/>Guitarrista do Ano<br \/>Eduardo Faro \u2013 Rosa de Saron \u2013 \u201cAc\u00fastico e Ao Vivo 2\/3\u201d \u2013 Rosa de Saron Produ\u00e7\u00f5es Art\u00edsticas Ltda<br \/>Baixista do Ano<br \/>Rog\u00e9rio Feltrin \u2013 Rosa de Saron \u2013 \u201cAc\u00fastico e Ao Vivo 2\/3\u201d \u2013 Rosa de Saron Produ\u00e7\u00f5es Art\u00edsticas Ltda<br \/>Baterista do Ano<br \/>Grev\u00e3o \u2013 Rosa de Saron \u2013 \u201cAc\u00fastico e Ao Vivo 2\/3\u201d \u2013 Rosa de Saron Produ\u00e7\u00f5es Art\u00edsticas Ltda<br \/>Tecladista do Ano<br \/>Marcelo Duarte \u2013 Anjos de Resgate \u2013 \u201cInspira\u00e7\u00e3o\u201d \u2013 Codimuc<br \/>Cantora de Banda<br \/>Grazi Medeiros \u2013 Canal da Gra\u00e7a \u2013 \u201cMagnitude 7\u201d \u2013 Codimuc<br \/>Cantor de Banda<br \/>Guilherme de S\u00e1 \u2013 Rosa de Saron \u2013 \u201cAc\u00fastico e Ao Vivo 2\/3\u201d \u2013 Rosa de Saron Produ\u00e7\u00f5es Art\u00edsticas<br \/>Clipe do Ano<br \/>Quem Realmente Sou \u2013 Diretor: Moradda \u2013 D\u00e9ia Camargos \u2013 \u201cBem da Hora\u201d \u2013 Can\u00e7\u00e3o Nova<br \/>Grava\u00e7\u00e3o \u00c1lbum<br \/>Ac\u00fastico e Ao Vivo 2\/3 \u2013 \u201cRosa de Saron\u201d \u2013 Rosa de Saron Produ\u00e7\u00f5es Art\u00edsticas<\/p>\n","protected":false},"excerpt":{"rendered":"<p>Artistas cat\u00f3licos receberam homenagens no palco do maior Pr\u00eamio Nacional da M\u00fasica Cat\u00f3lica Em noite de festa, os artistas cat\u00f3licos foram homenageados na 8\u00aa Edi\u00e7\u00e3o do Trof\u00e9u Louvemos o Senhor. Organizado pela Associa\u00e7\u00e3o do Senhor Jesus, o maior Pr\u00eamio Nacional da M\u00fasica Cat\u00f3lica procura valorizar aqueles que colocam seus dons a servi\u00e7o da evangeliza\u00e7\u00e3o pela [&hellip;]<\/p>\n","protected":false},"author":1,"featured_media":0,"comment_status":"open","ping_status":"open","sticky":false,"template":"","format":"standard","meta":{"footnotes":""},"categories":[4],"tags":[],"class_list":["post-14668","post","type-post","status-publish","format-standard","hentry","category-cotidiano"],"_links":{"self":[{"href":"https:\/\/catolicanet.net\/wp-cnet\/wp-json\/wp\/v2\/posts\/14668","targetHints":{"allow":["GET"]}}],"collection":[{"href":"https:\/\/catolicanet.net\/wp-cnet\/wp-json\/wp\/v2\/posts"}],"about":[{"href":"https:\/\/catolicanet.net\/wp-cnet\/wp-json\/wp\/v2\/types\/post"}],"author":[{"embeddable":true,"href":"https:\/\/catolicanet.net\/wp-cnet\/wp-json\/wp\/v2\/users\/1"}],"replies":[{"embeddable":true,"href":"https:\/\/catolicanet.net\/wp-cnet\/wp-json\/wp\/v2\/comments?post=14668"}],"version-history":[{"count":1,"href":"https:\/\/catolicanet.net\/wp-cnet\/wp-json\/wp\/v2\/posts\/14668\/revisions"}],"predecessor-version":[{"id":25947,"href":"https:\/\/catolicanet.net\/wp-cnet\/wp-json\/wp\/v2\/posts\/14668\/revisions\/25947"}],"wp:attachment":[{"href":"https:\/\/catolicanet.net\/wp-cnet\/wp-json\/wp\/v2\/media?parent=14668"}],"wp:term":[{"taxonomy":"category","embeddable":true,"href":"https:\/\/catolicanet.net\/wp-cnet\/wp-json\/wp\/v2\/categories?post=14668"},{"taxonomy":"post_tag","embeddable":true,"href":"https:\/\/catolicanet.net\/wp-cnet\/wp-json\/wp\/v2\/tags?post=14668"}],"curies":[{"name":"wp","href":"https:\/\/api.w.org\/{rel}","templated":true}]}}