{"id":14664,"date":"2016-05-20T13:53:05","date_gmt":"2016-05-20T16:53:05","guid":{"rendered":"http:\/\/catolicanet.net\/wp-cnet\/2016\/05\/20\/exposicao-quem-e-o-homem-do-sudario-retorna-ao-rio-de-janeiro\/"},"modified":"2017-05-31T10:39:24","modified_gmt":"2017-05-31T13:39:24","slug":"exposicao-quem-e-o-homem-do-sudario-retorna-ao-rio-de-janeiro","status":"publish","type":"post","link":"https:\/\/catolicanet.net\/wp-cnet\/exposicao-quem-e-o-homem-do-sudario-retorna-ao-rio-de-janeiro\/","title":{"rendered":"Exposi\u00e7\u00e3o \u201cQuem \u00e9 o Homem do Sud\u00e1rio?\u201d retorna ao Rio de Janeiro"},"content":{"rendered":"<p style=\"text-align: justify;\"><img decoding=\"async\" src=\"http:\/\/catolicanet.com.br\/images\/stories\/noticias\/quem_e_o_homem_do_sudario.jpg\" border=\"0\" align=\"left\" \/>No dia de Corpus Christi, pr\u00f3ximo 26 de maio, a exposi\u00e7\u00e3o internacional \u201cQuem \u00e9 o Homem do Sud\u00e1rio?\u201d ser\u00e1 inaugurada no Rio de Janeiro, na segunda vez em que passa pela Cidade Maravilhosa.<\/p>\n<p>A mostra ficar\u00e1 na catedral Metropolitana de S\u00e3o Sebasti\u00e3o e a inaugura\u00e7\u00e3o ser\u00e1 realizada pelo Arcebispo, Cardeal Orani Jo\u00e3o tempesta, \u00e0s 18h30, ap\u00f3s missa solene.<\/p>\n<p>Segundo informa\u00e7\u00f5es da Arquidiocese, esta mesma exposi\u00e7\u00e3o se encontra fixa em diversos pa\u00edses e, foi reproduzida no Brasil como agradecimento ap\u00f3s uma gra\u00e7a alcan\u00e7ada na mesma mostra em Jerusal\u00e9m.<\/p>\n<p>A primeira cidade brasileira a receber a mostra foi Curitiba, em 2010. Em seguida passou por Bras\u00edlia, at\u00e9 chegar ao Rio de Janeiro, onde ficou de 2012 a 2013, sendo uma das atra\u00e7\u00f5es de Jornada Mundial da Juventude (JMJ). Entre 2013 e 2016, ela exposta em S\u00e3o Paulo, Bauru, Blumenau, Florian\u00f3polis, Feira de Santana, Salvador, Macei\u00f3, Bel\u00e9m, Fortaleza, Belo Horizonte e agora retorna \u00e0 capital fluminense.<\/p>\n<p>O organizador da exposi\u00e7\u00e3o, Padre Alexandre Paciolli, considera que, al\u00e9m de conhecer a hist\u00f3ria do Santo Sud\u00e1rio, os visitantes poder\u00e3o aprofundar a f\u00e9 nessa mostra.<\/p>\n<p>\u201cEles podem encontrar todos os estudos cient\u00edficos, aprovados pelas grandes universidades do mundo sobre o Santo Sud\u00e1rio de Turim. Podem encontrar tamb\u00e9m uma est\u00e1tua em bronze feita por um dos escultores da Porta Santa que est\u00e1 na Bas\u00edlica de S\u00e3o Pedro (Luigi Enzo Mattei), e outras pe\u00e7as que v\u00e3o levando as pessoas a descobrir quem \u00e9 o Homem do Sud\u00e1rio, quem \u00e9 aquele que foi colocado sobre o Sud\u00e1rio que est\u00e1 guardado em Turim\u201d, elencou o sacerdote ao site da Arquidiocese.<\/p>\n<p>A exposi\u00e7\u00e3o \u00e9 dividida em cinco fases e cont\u00e9m uma r\u00e9plica do Sud\u00e1rio de Turim, em tamanho original de 4,41m x 1,13m, al\u00e9m de r\u00e9plicas da tumba, dos pregos, flagelos e da coroa de espinhos. H\u00e1 ainda as moedas, cuja impress\u00e3o se encontra sobre os olhos do Homem do Sud\u00e1rio, s\u00e3o originais da \u00e9poca da Palestina.<\/p>\n<p>O visitante tamb\u00e9m poder\u00e1 ver mais de 30 pain\u00e9is, que incluem estudos sobre o len\u00e7ol sepulcral, a desmistifica\u00e7\u00e3o do teste do Carbono 14 e o percurso hist\u00f3rico.<\/p>\n<p>O Santo Sud\u00e1rio \u00e9 o objeto mais estudado de toda a humanidade e foram selecionados os melhores profissionais para analis\u00e1-lo nas \u00e1reas da palinologia, patologia forense, bot\u00e2nica, f\u00edsica, qu\u00edmica, numism\u00e1tica, iconografia e tecnologia t\u00eaxtil, entre outras.<\/p>\n<p>Para comprovar a autenticidade do tecido que envolveu o Homem do Sud\u00e1rio, v\u00eddeos apresentam para o p\u00fablico as diversas pesquisas cient\u00edficas realizadas, incluindo os estudos do bot\u00e2nico israelense Avinoam Danin sobre as imagens florais e do patologista forense Max Frei sobre os p\u00f3lens.<\/p>\n<p>A exposi\u00e7\u00e3o \u201cQuem \u00e9 o Homem do Sud\u00e1rio?\u201d ficar\u00e1 aberta ao p\u00fablico na catedral do Rio de Janeiro at\u00e9 novembro, com funcionamento di\u00e1rio, das 8h \u00e0s 17h. O visitante que quiser colaborar com as obras sociais da Igreja pode levar um quilo de alimento n\u00e3o perec\u00edvel.<\/p>\n<p style=\"text-align: justify;\">\u00a0<\/p>\n<p style=\"text-align: justify;\">Fonte: Acidigital<\/p>\n","protected":false},"excerpt":{"rendered":"<p>No dia de Corpus Christi, pr\u00f3ximo 26 de maio, a exposi\u00e7\u00e3o internacional \u201cQuem \u00e9 o Homem do Sud\u00e1rio?\u201d ser\u00e1 inaugurada no Rio de Janeiro, na segunda vez em que passa pela Cidade Maravilhosa. A mostra ficar\u00e1 na catedral Metropolitana de S\u00e3o Sebasti\u00e3o e a inaugura\u00e7\u00e3o ser\u00e1 realizada pelo Arcebispo, Cardeal Orani Jo\u00e3o tempesta, \u00e0s 18h30, [&hellip;]<\/p>\n","protected":false},"author":1,"featured_media":0,"comment_status":"open","ping_status":"open","sticky":false,"template":"","format":"standard","meta":{"footnotes":""},"categories":[4],"tags":[],"class_list":["post-14664","post","type-post","status-publish","format-standard","hentry","category-cotidiano"],"_links":{"self":[{"href":"https:\/\/catolicanet.net\/wp-cnet\/wp-json\/wp\/v2\/posts\/14664","targetHints":{"allow":["GET"]}}],"collection":[{"href":"https:\/\/catolicanet.net\/wp-cnet\/wp-json\/wp\/v2\/posts"}],"about":[{"href":"https:\/\/catolicanet.net\/wp-cnet\/wp-json\/wp\/v2\/types\/post"}],"author":[{"embeddable":true,"href":"https:\/\/catolicanet.net\/wp-cnet\/wp-json\/wp\/v2\/users\/1"}],"replies":[{"embeddable":true,"href":"https:\/\/catolicanet.net\/wp-cnet\/wp-json\/wp\/v2\/comments?post=14664"}],"version-history":[{"count":1,"href":"https:\/\/catolicanet.net\/wp-cnet\/wp-json\/wp\/v2\/posts\/14664\/revisions"}],"predecessor-version":[{"id":25951,"href":"https:\/\/catolicanet.net\/wp-cnet\/wp-json\/wp\/v2\/posts\/14664\/revisions\/25951"}],"wp:attachment":[{"href":"https:\/\/catolicanet.net\/wp-cnet\/wp-json\/wp\/v2\/media?parent=14664"}],"wp:term":[{"taxonomy":"category","embeddable":true,"href":"https:\/\/catolicanet.net\/wp-cnet\/wp-json\/wp\/v2\/categories?post=14664"},{"taxonomy":"post_tag","embeddable":true,"href":"https:\/\/catolicanet.net\/wp-cnet\/wp-json\/wp\/v2\/tags?post=14664"}],"curies":[{"name":"wp","href":"https:\/\/api.w.org\/{rel}","templated":true}]}}