{"id":14663,"date":"2016-05-20T13:48:57","date_gmt":"2016-05-20T16:48:57","guid":{"rendered":"http:\/\/catolicanet.net\/wp-cnet\/2016\/05\/20\/igrejacultura-humor-misterio-e-compromisso-para-recompreender-figura-de-jesus\/"},"modified":"2017-05-31T10:39:24","modified_gmt":"2017-05-31T13:39:24","slug":"igrejacultura-humor-misterio-e-compromisso-para-recompreender-figura-de-jesus","status":"publish","type":"post","link":"https:\/\/catolicanet.net\/wp-cnet\/igrejacultura-humor-misterio-e-compromisso-para-recompreender-figura-de-jesus\/","title":{"rendered":"Igreja\/Cultura: Humor, mist\u00e9rio e compromisso para (re)compreender figura de Jesus"},"content":{"rendered":"<p style=\"text-align: justify;\"><img decoding=\"async\" src=\"http:\/\/catolicanet.com.br\/images\/stories\/noticias\/vlcsnap-2016-05-20-14h38m09s94.jpg\" border=\"0\" align=\"left\" \/>Dia Nacional da Faculdade de Teologia reuniu Assun\u00e7\u00e3o Cristas, Pedro Mexia e Maria Rueff com professores e alunos<\/p>\n<p>Lisboa, 20 mai 2016 (Ecclesia) \u2013 A atriz Maria Rueff desafiou hoje os alunos da Faculdade de Teologia (FT) da Universidade Cat\u00f3lica Portuguesa a \u201cdevolver\u201d \u00e0s palavras de Deus as dimens\u00f5es de \u201chumor\u201d, \u201calegria\u201d e \u201cbondade genu\u00edna\u201d.<\/p>\n<p>A interven\u00e7\u00e3o decorreu durante a celebra\u00e7\u00e3o do dia nacional da FT, em Lisboa, num momento denominado \u2018Conversas improv\u00e1veis\u2019 sobre Jesus que reuniu ainda a l\u00edder do CDS-PP, Assun\u00e7\u00e3o Cristas, e o comentador Pedro Mexia.<\/p>\n<p>Maria Rueff come\u00e7ou por brincar, ao dizer que est\u00e1 na \u201cpr\u00e9-prim\u00e1ria da B\u00edblia\u201d e convidou os presentes a \u201cler o que est\u00e1 no subtexto\u201d.<\/p>\n<p>Nesse sentido, advertiu para algum excesso de \u201csolenidade\u201d com que se trata a Palavra de Deus.<\/p>\n<p>\u201cN\u00e3o estou a dizer que se desrespeite, pelo contr\u00e1rio, mas temos de p\u00f4r de parte essa solenidade e olhar para as palavras reais que l\u00e1 est\u00e3o\u201d, explicou.<\/p>\n<p>Num col\u00f3quio em tom informal, durante mais de uma hora, a iniciativa reuniu alunos, professores e funcion\u00e1rios dos tr\u00eas n\u00facleos da FT, em Lisboa.<\/p>\n<p>Partindo do tema \u2018Quem \u00e9 este homem? &#8211; Jesus como interroga\u00e7\u00e3o e provoca\u00e7\u00e3o\u2019, Pedro Mexia, conselheiro cultural do presidente da Rep\u00fablica, assinalou que pode existir uma \u201cproximidade\u201d t\u00e3o grande com esta figura que fa\u00e7a \u201cperder a perspectiva\u201d e transformar a f\u00e9, a B\u00edblia, numa esp\u00e9cie de \u201cm\u00f3vel l\u00e1 de casa\u201d.<\/p>\n<p>Para o cronista, \u00e9 necess\u00e1rio contrariar a ideia de \u201cexcesso de familiaridade\u201d com Jesus e disse mesmo que alguns n\u00e3o-crentes t\u00eam uma \u201crela\u00e7\u00e3o mais ativa com a figura de Cristo do que \u00e0s vezes os crentes\u201d.<\/p>\n<p>A ressurrei\u00e7\u00e3o, acrescentou, \u00e9 um acontecimento n\u00e3o \u201cnegoci\u00e1vel\u201d, porque essa \u00e9 a \u201cdiferen\u00e7a\u201d fundamental com outras propostas filos\u00f3ficas e evita a mera \u201crela\u00e7\u00e3o decorativa\u201d com Jesus.<\/p>\n<p>Mexia recordou algumas representa\u00e7\u00f5es cinematogr\u00e1ficas de Jesus Cristo com as quais n\u00e3o \u00e9 poss\u00edvel \u201crelacionar-se\u201d.<\/p>\n<p>\u201cDe qu\u00ea nos serve um modelo que n\u00e3o foi tentado?\u201d, questionou.<\/p>\n<p>O comentador recordou, depois, a ideia de \u201cestranheza\u201d est\u00e1 presente em v\u00e1rias passagens da B\u00edblica, que considerou \u201cmenos lisas\u201d.<\/p>\n<p>A \u201cgrande debandada\u201d das Igrejas tradicionais tem a ver com a procura de \u201cconforto, seguran\u00e7a\u201d, rejeitando um \u201cedif\u00edcio conceitual\u201d, a Teologia.<\/p>\n<p>\u201cPara ter bons sentimentos, h\u00e1 ONG que d\u00e3o menos trabalho do que o Cristianismo\u201d, gracejou.<\/p>\n<p>Assun\u00e7\u00e3o Cristas, por sua vez, sublinhou a \u201cproximidade\u201d com Jesus, que viveu a experi\u00eancia humana, no qual v\u00ea um \u201cmist\u00e9rio permanente\u201d.<\/p>\n<p>\u201cJesus \u00e9 tamb\u00e9m uma personagem intrigante, misteriosa, que nos convoca\u201d, desenvolveu.<\/p>\n<p>A l\u00edder do CDS-PP mostrou a sua admira\u00e7\u00e3o pelo relacionamento de Jesus com as \u201chist\u00f3rias\u201d, as par\u00e1bolas, a narrativa, numa abordagem \u201cmuito delicada\u201d.<\/p>\n<p>\u201c\u00c9 uma forma em que cada um est\u00e1 livre de fazer a sua pr\u00f3xima interpreta\u00e7\u00e3o\u201d, assinalou.<\/p>\n<p>Assun\u00e7\u00e3o Cristas entende que falta \u201cdisponibilidade\u201d para seguir propostas mais radicais, com uma exig\u00eancia centrada \u201cnos outros\u201d e n\u00e3o em si pr\u00f3prio.<\/p>\n<p>\u201cA proposta de Jesus \u00e9 muito radical, Jesus n\u00e3o veio simplesmente para nos sossegar\u201d, referiu.<\/p>\n<p>O Dia Nacional da Faculdade de Teologia re\u00fane em Lisboa cerca de 300 pessoas e inclui, esta tarde, visitas culturais e uma Eucaristia no Mosteiro dos Jer\u00f4nimo, presidida pelo cardeal-patriarca de Lisboa e magno chanceler da UCP, D. Manuel Clemente.<\/p>\n<p style=\"text-align: justify;\">\u00a0<\/p>\n<p style=\"text-align: justify;\">Fonte: Ag\u00eancia Ecclesia<\/p>\n","protected":false},"excerpt":{"rendered":"<p>Dia Nacional da Faculdade de Teologia reuniu Assun\u00e7\u00e3o Cristas, Pedro Mexia e Maria Rueff com professores e alunos Lisboa, 20 mai 2016 (Ecclesia) \u2013 A atriz Maria Rueff desafiou hoje os alunos da Faculdade de Teologia (FT) da Universidade Cat\u00f3lica Portuguesa a \u201cdevolver\u201d \u00e0s palavras de Deus as dimens\u00f5es de \u201chumor\u201d, \u201calegria\u201d e \u201cbondade genu\u00edna\u201d. [&hellip;]<\/p>\n","protected":false},"author":1,"featured_media":0,"comment_status":"open","ping_status":"open","sticky":false,"template":"","format":"standard","meta":{"footnotes":""},"categories":[4],"tags":[],"class_list":["post-14663","post","type-post","status-publish","format-standard","hentry","category-cotidiano"],"_links":{"self":[{"href":"https:\/\/catolicanet.net\/wp-cnet\/wp-json\/wp\/v2\/posts\/14663","targetHints":{"allow":["GET"]}}],"collection":[{"href":"https:\/\/catolicanet.net\/wp-cnet\/wp-json\/wp\/v2\/posts"}],"about":[{"href":"https:\/\/catolicanet.net\/wp-cnet\/wp-json\/wp\/v2\/types\/post"}],"author":[{"embeddable":true,"href":"https:\/\/catolicanet.net\/wp-cnet\/wp-json\/wp\/v2\/users\/1"}],"replies":[{"embeddable":true,"href":"https:\/\/catolicanet.net\/wp-cnet\/wp-json\/wp\/v2\/comments?post=14663"}],"version-history":[{"count":1,"href":"https:\/\/catolicanet.net\/wp-cnet\/wp-json\/wp\/v2\/posts\/14663\/revisions"}],"predecessor-version":[{"id":25952,"href":"https:\/\/catolicanet.net\/wp-cnet\/wp-json\/wp\/v2\/posts\/14663\/revisions\/25952"}],"wp:attachment":[{"href":"https:\/\/catolicanet.net\/wp-cnet\/wp-json\/wp\/v2\/media?parent=14663"}],"wp:term":[{"taxonomy":"category","embeddable":true,"href":"https:\/\/catolicanet.net\/wp-cnet\/wp-json\/wp\/v2\/categories?post=14663"},{"taxonomy":"post_tag","embeddable":true,"href":"https:\/\/catolicanet.net\/wp-cnet\/wp-json\/wp\/v2\/tags?post=14663"}],"curies":[{"name":"wp","href":"https:\/\/api.w.org\/{rel}","templated":true}]}}